{"id":76345,"date":"2024-07-03T10:07:45","date_gmt":"2024-07-03T08:07:45","guid":{"rendered":"https:\/\/jugulajm.net\/?p=76345"},"modified":"2024-07-03T11:01:23","modified_gmt":"2024-07-03T09:01:23","slug":"u-vetehelmua-para-spak-flet-djali-i-63-vjecarit-tregon-fjalet-e-fundit-te-te-atit","status":"publish","type":"post","link":"https:\/\/jugulajm.net\/?p=76345","title":{"rendered":"U vet\u00ebhelmua para SPAK, flet djali i 63-vje\u00e7arit, tregon fjal\u00ebt e fundit t\u00eb t\u00eb atit"},"content":{"rendered":"<p>Gledis Trashaj, djali i Pal Trashajt, 63-vje\u00e7arit, i cili nj\u00eb dit\u00eb m\u00eb par\u00eb konsumoi fostoksin\u00eb p\u00ebrpara SPAK duke humbur jet\u00ebn tha n\u00eb nj\u00eb deklarat\u00eb p\u00ebr mediat se babai i tij nuk kishte gjetur drejt\u00ebsi p\u00ebr vite me radh\u00eb lidhur me nj\u00eb \u00e7\u00ebshtje pron\u00ebsie.<\/p>\n<p>Ai tregoi se personi i fundit q\u00eb ai ka kontaktuar n\u00eb telefon pasi ka kryer aktin final ka qen\u00eb bashk\u00ebshortja e tij, t\u00eb cil\u00ebs i ka komunikuar se kishte konsumuar fostoksin\u00eb.<\/p>\n<p>\u201cNuk ka qen\u00eb koshient, kur kam ardhur un\u00eb, ka qen\u00eb von\u00eb, t\u00eb tjer\u00ebt e kan\u00eb takuar dhe kan\u00eb folur. Xhaxhai e ka pyetur \u00e7far\u00eb b\u00ebre, dhe thoshte vazhdimisht\u00a0 ja ndodhi, padrejt\u00ebsia, padrejt\u00ebsia.<\/p>\n<p>Di q\u00eb ka qen\u00eb n\u00eb kontakt t\u00eb vazhduesh\u00ebm me SPAK por nuk kam shum\u00eb informacion. Babi \u00ebsht\u00eb munduar t\u00eb na shmang\u00eb me problemet. Ka pasur nj\u00eb problem me nj\u00eb banke dhe ai ka vajtur te SPAK.<\/p>\n<p>Ka qen\u00eb nj\u00eb rast i tmerrsh\u00ebm, p\u00ebrmbarimi, me vendim gjykate p\u00ebr ta ekzekutuar, n\u00eb 2016 ka arritur t\u00eb na bllokoj\u00eb edhe minimumin jetik. Konfiskimi ka qen\u00eb i pron\u00ebs, i makin\u00ebs, banesa ndodhet n\u00eb Pllan\u00eb t\u00eb Lezh\u00ebs.<\/p>\n<p>P\u00ebr momentin ai po k\u00ebrkonte drejt\u00ebsi t\u00eb padrejt\u00ebsit\u00eb n\u00eb vazhdim\u00ebsi. Ka folur me mamin n\u00eb telefon, i ka th\u00ebn\u00eb se kam b\u00ebr\u00eb k\u00ebt\u00eb gj\u00eb, se nuk ka drejt\u00ebsi. Besoj te SPAK q\u00eb duhet t\u00eb verifikoj\u00eb vendimet e gjykatave\u201d, tha ai.<\/p>\n","protected":false},"excerpt":{"rendered":"<p>Gledis Trashaj, djali i Pal Trashajt, 63-vje\u00e7arit, i cili nj\u00eb dit\u00eb m\u00eb par\u00eb konsumoi fostoksin\u00eb p\u00ebrpara SPAK duke humbur jet\u00ebn tha n\u00eb nj\u00eb deklarat\u00eb p\u00ebr mediat se babai i tij nuk kishte gjetur drejt\u00ebsi p\u00ebr vite me radh\u00eb lidhur me nj\u00eb \u00e7\u00ebshtje pron\u00ebsie. Ai tregoi se personi i fundit q\u00eb ai ka kontaktuar n\u00eb telefon [&hellip;]<\/p>\n","protected":false},"author":5,"featured_media":76351,"comment_status":"closed","ping_status":"closed","sticky":false,"template":"","format":"standard","meta":{"footnotes":""},"categories":[1,6332,29228],"tags":[31921,31922,31920],"class_list":{"0":"post-76345","1":"post","2":"type-post","3":"status-publish","4":"format-standard","5":"has-post-thumbnail","7":"category-aktualitet","8":"category-te-fundit","9":"category-vendi","10":"tag-flet-djali-i-63-vjecarit","11":"tag-tregon-fjalet-e-fundit-te-te-atit","12":"tag-u-vetehelmua-para-spak"},"_links":{"self":[{"href":"https:\/\/jugulajm.net\/index.php?rest_route=\/wp\/v2\/posts\/76345","targetHints":{"allow":["GET"]}}],"collection":[{"href":"https:\/\/jugulajm.net\/index.php?rest_route=\/wp\/v2\/posts"}],"about":[{"href":"https:\/\/jugulajm.net\/index.php?rest_route=\/wp\/v2\/types\/post"}],"author":[{"embeddable":true,"href":"https:\/\/jugulajm.net\/index.php?rest_route=\/wp\/v2\/users\/5"}],"replies":[{"embeddable":true,"href":"https:\/\/jugulajm.net\/index.php?rest_route=%2Fwp%2Fv2%2Fcomments&post=76345"}],"version-history":[{"count":0,"href":"https:\/\/jugulajm.net\/index.php?rest_route=\/wp\/v2\/posts\/76345\/revisions"}],"wp:featuredmedia":[{"embeddable":true,"href":"https:\/\/jugulajm.net\/index.php?rest_route=\/wp\/v2\/media\/76351"}],"wp:attachment":[{"href":"https:\/\/jugulajm.net\/index.php?rest_route=%2Fwp%2Fv2%2Fmedia&parent=76345"}],"wp:term":[{"taxonomy":"category","embeddable":true,"href":"https:\/\/jugulajm.net\/index.php?rest_route=%2Fwp%2Fv2%2Fcategories&post=76345"},{"taxonomy":"post_tag","embeddable":true,"href":"https:\/\/jugulajm.net\/index.php?rest_route=%2Fwp%2Fv2%2Ftags&post=76345"}],"curies":[{"name":"wp","href":"https:\/\/api.w.org\/{rel}","templated":true}]}}