{"id":76340,"date":"2024-07-03T09:19:11","date_gmt":"2024-07-03T07:19:11","guid":{"rendered":"https:\/\/jugulajm.net\/?p=76340"},"modified":"2024-07-03T09:24:39","modified_gmt":"2024-07-03T07:24:39","slug":"emri-foto-nderron-jete-63-vjecari-piu-dje-fotoksine-para-spak","status":"publish","type":"post","link":"https:\/\/jugulajm.net\/?p=76340","title":{"rendered":"EMRI-FOTO\/  Nd\u00ebrron jet\u00eb 63-vje\u00e7ari, piu dje fotoksin\u00eb para SPAK"},"content":{"rendered":"<p>Ka nd\u00ebrruar jet\u00eb 63-vje\u00e7ari Pal Trashaj, i cili nj\u00eb dit\u00eb m\u00eb par\u00eb piu fotoksin\u00eb para godin\u00ebs s\u00eb SPAK. Burime nga QSUT b\u00ebn\u00eb me dije se ai nd\u00ebrroi jet\u00eb m\u00ebngjesin e sot\u00ebm.<\/p>\n<p>Ngjarja ndodhi pasditen e djeshme jasht\u00eb Prokuroris\u00eb s\u00eb Posa\u00e7me, ku Trashaj nd\u00ebrmori aktin ekstrem pais ishte\u00a0viktim\u00eb e skem\u00ebs\u00a0s\u00eb\u00a0mashtrimit financiar me mikrokredit\u00eb.<\/p>\n<p>P\u00ebr k\u00ebt\u00eb reagoi dje edhe SPAK, ku informoi se 63-vje\u00e7ari k\u00ebrkonte takim me nj\u00eb nga hetuesit e BKH-s\u00eb p\u00ebr nj\u00eb \u00e7\u00ebshtje, q\u00eb i ka kaluar p\u00ebr kompetenc\u00eb nj\u00eb prokurorie t\u00eb juridiksionit t\u00eb p\u00ebrgjithsh\u00ebm q\u00eb n\u00eb vitin 2022.<\/p>\n<p>Nd\u00ebrkoh\u00eb q\u00eb oficeri i informacionit ka marr\u00eb kontakt me hetuesin e \u00e7\u00ebshtjes, qytetari ka dal\u00eb jasht\u00eb n\u00eb oborr, duke mos ardhur p\u00ebr t\u00eb marr\u00eb p\u00ebrgjigje, nd\u00ebrsa jasht\u00eb u pan\u00eb sh\u00ebrbimet spitalore t\u00eb urgjenc\u00ebs.<\/p>\n<p><img decoding=\"async\" src=\"https:\/\/cdnimpuls.com\/a2news.com\/media3\/-900-0-1719990390xwhatsapp-image-2024-07-02-at-205046-514.jpeg\" alt=\"Piu fotoksin\u00eb para SPAK, nd\u00ebrron jet\u00eb 63-vje\u00e7ari\" width=\"100%\" data-size=\"x\" data-id=\"522249\" \/><\/p>\n<p><strong>Njoftimi i SPAK dje<\/strong><\/p>\n<p>N\u00eb lidhje me incidentin e sot\u00ebm t\u00eb qytetarit Pal Trashaj t\u00eb ndodhur jasht\u00eb Prokuroris\u00eb s\u00eb Posa\u00e7me, institucioni yn\u00eb i uron z. Trashaj sh\u00ebrim t\u00eb shpejt\u00eb! Sqarojm\u00eb se qytetari n\u00eb fjal\u00eb \u00ebsht\u00eb paraqitur tek oficeri i informacionit dhe ka k\u00ebrkuar takim me nj\u00eb nga hetuesit e BKH-s\u00eb p\u00ebr nj\u00eb \u00e7\u00ebshtje e cila pas verifikimeve ka rezultuar se i ka kaluar p\u00ebr kompetenc\u00eb nj\u00eb prokurorie t\u00eb juridiksionit t\u00eb p\u00ebrgjithsh\u00ebm q\u00eb n\u00eb vitin 2022.\u00a0 M\u00eb pas oficeri i informacionit ka b\u00ebr\u00eb me dije qytetarin t\u00eb pres\u00eb sa t\u00eb njoftoj\u00eb hetuesin e \u00e7\u00ebshtjes mbi k\u00ebrkes\u00ebn e tij. Nd\u00ebrkoh\u00eb q\u00eb oficeri i informacionit ka marr\u00eb kontakt me hetuesin e \u00e7\u00ebshtjes, qytetari ka dal\u00eb jasht\u00eb n\u00eb oborr, duke mos ardhur p\u00ebr t\u00eb marr\u00eb p\u00ebrgjigje.<\/p>\n<p>Pas disa or\u00ebsh, jasht\u00eb ambienteve t\u00eb SPAK, jan\u00eb par\u00eb sh\u00ebrbimet spitalore t\u00eb urgjenc\u00ebs dhe aty \u00ebsht\u00eb m\u00ebsuar rreth veprimit t\u00eb nd\u00ebrmarr\u00eb nga z. Trashaj.<\/p>\n<p>Institucioni yn\u00eb ka b\u00ebr\u00eb menj\u00ebher\u00eb verifikimet rreth k\u00ebtij incidenti p\u00ebr t\u00eb sqaruar \u00e7do veprim t\u00eb punonj\u00ebsve t\u00eb tij.<\/p>\n<p>Prokuroria e Posa\u00e7me, garanton se do t\u2019i p\u00ebrgjigjet n\u00eb koh\u00eb \u00e7do qytetari me korrekt\u00ebsi dhe n\u00eb zbatim t\u00eb ligjit p\u00ebr \u00e7\u00ebshtje q\u00eb jan\u00eb n\u00eb kompetenc\u00ebn e saj.<\/p>\n","protected":false},"excerpt":{"rendered":"<p>Ka nd\u00ebrruar jet\u00eb 63-vje\u00e7ari Pal Trashaj, i cili nj\u00eb dit\u00eb m\u00eb par\u00eb piu fotoksin\u00eb para godin\u00ebs s\u00eb SPAK. Burime nga QSUT b\u00ebn\u00eb me dije se ai nd\u00ebrroi jet\u00eb m\u00ebngjesin e sot\u00ebm. Ngjarja ndodhi pasditen e djeshme jasht\u00eb Prokuroris\u00eb s\u00eb Posa\u00e7me, ku Trashaj nd\u00ebrmori aktin ekstrem pais ishte\u00a0viktim\u00eb e skem\u00ebs\u00a0s\u00eb\u00a0mashtrimit financiar me mikrokredit\u00eb. P\u00ebr k\u00ebt\u00eb reagoi [&hellip;]<\/p>\n","protected":false},"author":5,"featured_media":76342,"comment_status":"closed","ping_status":"closed","sticky":false,"template":"","format":"standard","meta":{"footnotes":""},"categories":[1,6332,29228],"tags":[31918,31919],"class_list":{"0":"post-76340","1":"post","2":"type-post","3":"status-publish","4":"format-standard","5":"has-post-thumbnail","7":"category-aktualitet","8":"category-te-fundit","9":"category-vendi","10":"tag-emri-foto-nderron-jete-63-vjecari","11":"tag-piu-dje-fotoksine-para-spak"},"_links":{"self":[{"href":"https:\/\/jugulajm.net\/index.php?rest_route=\/wp\/v2\/posts\/76340","targetHints":{"allow":["GET"]}}],"collection":[{"href":"https:\/\/jugulajm.net\/index.php?rest_route=\/wp\/v2\/posts"}],"about":[{"href":"https:\/\/jugulajm.net\/index.php?rest_route=\/wp\/v2\/types\/post"}],"author":[{"embeddable":true,"href":"https:\/\/jugulajm.net\/index.php?rest_route=\/wp\/v2\/users\/5"}],"replies":[{"embeddable":true,"href":"https:\/\/jugulajm.net\/index.php?rest_route=%2Fwp%2Fv2%2Fcomments&post=76340"}],"version-history":[{"count":0,"href":"https:\/\/jugulajm.net\/index.php?rest_route=\/wp\/v2\/posts\/76340\/revisions"}],"wp:featuredmedia":[{"embeddable":true,"href":"https:\/\/jugulajm.net\/index.php?rest_route=\/wp\/v2\/media\/76342"}],"wp:attachment":[{"href":"https:\/\/jugulajm.net\/index.php?rest_route=%2Fwp%2Fv2%2Fmedia&parent=76340"}],"wp:term":[{"taxonomy":"category","embeddable":true,"href":"https:\/\/jugulajm.net\/index.php?rest_route=%2Fwp%2Fv2%2Fcategories&post=76340"},{"taxonomy":"post_tag","embeddable":true,"href":"https:\/\/jugulajm.net\/index.php?rest_route=%2Fwp%2Fv2%2Ftags&post=76340"}],"curies":[{"name":"wp","href":"https:\/\/api.w.org\/{rel}","templated":true}]}}