{"id":76306,"date":"2024-07-02T13:29:01","date_gmt":"2024-07-02T11:29:01","guid":{"rendered":"https:\/\/jugulajm.net\/?p=76306"},"modified":"2024-07-02T13:29:01","modified_gmt":"2024-07-02T11:29:01","slug":"ikja-e-kadarese-presidenca-franceze-vdiq-nje-shkrimtar-qe-misheroi-forcen-e-shpirtit-europian","status":"publish","type":"post","link":"https:\/\/jugulajm.net\/?p=76306","title":{"rendered":"Ikja e Kadares\u00eb\/ Presidenca Franceze: Vdiq nj\u00eb shkrimtar q\u00eb mish\u00ebroi forc\u00ebn e shpirtit europian"},"content":{"rendered":"<p>Shkrimtari i madh shqiptar, kolosi i let\u00ebrsis\u00eb shqipe, i madhi Ismail Kadare, mbylli syt\u00eb m\u00ebngjesin e djesh\u00ebm n\u00eb mosh\u00ebn 88-vje\u00e7are duke l\u00ebn\u00eb pas nj\u00eb dhimbje t\u00eb madhe te t\u00eb gjith\u00eb ata q\u00eb pat\u00ebn fatin ta njohin nga af\u00ebr, punojn\u00eb dhe t\u00eb rriten me shkrimet dhe librat e tij.<\/p>\n<p>P\u00ebrgjat\u00eb jet\u00ebs s\u00eb tij, Kadare \u00ebsht\u00eb vler\u00ebsuar dhe nderua me dhjet\u00ebra \u00e7mime nd\u00ebrkomb\u00ebtare. Dekorat\u00ebn e fundit ai e mori m\u00eb 16 tetor t\u00eb vitit 2023 nga presidenti i Franc\u00ebs, Emmanuel Macron gjat\u00eb nj\u00eb vizite n\u00eb Tiran\u00eb.<\/p>\n<p>Presidenti Macron dekori shkrimtarin Ismail Kadare me grad\u00ebn e \u201c<strong>Oficeri t\u00eb Madh t\u00eb Legjionit t\u00eb Nderit\u201d.\u00a0<\/strong>Dekorat\u00eb kjo q\u00eb e g\u00ebzojn\u00eb n\u00eb Franc\u00eb vet\u00ebm 250 personalitete.<\/p>\n<p>Nd\u00ebrsa p\u00ebr vdekjen e Kadares\u00eb ka reaguar edhe Presidenca Franceze. P\u00ebrmes nj\u00eb mesazhi t\u00eb ndjer\u00eb Presidenca Franceze shkruan se Kadare ishte nj\u00eb shkrimtar q\u00eb mish\u00ebroi, me jet\u00ebn, me vepr\u00ebn dhe me personalitetin e tij, pasurimin e dialogut, forc\u00ebn e shpirtit europian dhe vokacionin mikprit\u00ebs t\u00eb Franc\u00ebs.<\/p>\n<p>M\u00eb tej shton se shkrimtari jetoi dhe krijoi si njeri i lir\u00eb, n\u00eb nj\u00eb vend q\u00eb nuk ishte: Shqip\u00ebria Sovjetike e pasluft\u00ebs, n\u00ebn zgjedh\u00ebn e hekurt t\u00eb Enver Hoxh\u00ebs.<\/p>\n<p><strong>Reagimi i plot\u00eb:<\/strong><\/p>\n<p>&#8220;<em>Vdiq k\u00ebt\u00eb t\u00eb h\u00ebn\u00eb nj\u00eb shkrimtar q\u00eb mish\u00ebroi, me jet\u00ebn, me vepr\u00ebn dhe me personalitetin e tij, pasurimin e dialogut, forc\u00ebn e shpirtit europian dhe vokacionin mikprit\u00ebs t\u00eb Franc\u00ebs.\u00a0 \u00cbsht\u00eb larguar nga ne shkrimtari franko-shqiptar Ismail Kadare.<\/em><\/p>\n<p><em>Ai ishte nj\u00eb nga ata p\u00ebr t\u00eb cil\u00ebt shkrimi \u00ebsht\u00eb nj\u00eb luft\u00eb, nj\u00eb nga ata q\u00eb \u00e7do fjal\u00eb e tyre \u00ebsht\u00eb shk\u00ebputur nga heshtja, nga ata q\u00eb \u00e7do rresht rrezikon t&#8217;ua b\u00ebj\u00eb m\u00eb t\u00eb r\u00ebnd\u00eb raportin, nga ata q\u00eb \u00e7do roman i k\u00ebrc\u00ebnon t\u00eb jet\u00eb epitafi i karrier\u00ebs s\u00eb tyre.<\/em><\/p>\n<p><em>Sepse jetoi dhe krijoi si njeri i lir\u00eb, n\u00eb nj\u00eb vend q\u00eb nuk ishte: Shqip\u00ebria Sovjetike e pasluft\u00ebs, n\u00ebn zgjedh\u00ebn e hekurt t\u00eb Enver Hoxh\u00ebs.<\/em><\/p>\n<p><em>Por zbulimi i let\u00ebrsis\u00eb hapi brigjet e nj\u00eb bote t\u00eb re p\u00ebr adoleshentin. Te lexosh Cervantes-i, Homeri dhe Gogol-i, ai forcoi rezistenc\u00ebn e tij intelektuale. Aq sa i rr\u00ebshqiti indoktrinimi i pedagog\u00ebve t\u00eb let\u00ebrsis\u00eb, n\u00eb Universitetin e Tiran\u00ebs si n\u00eb Institutin Gorki n\u00eb Mosk\u00eb, tempulli i let\u00ebrsis\u00eb zyrtare. N\u00eb vend t\u00eb rritjes s\u00eb n\u00eb radh\u00ebt e \u201ctrup\u00ebs elitare t\u00eb realizmit socialist\u201d, si\u00e7 quhej, ai u bashkua me luft\u00ebtar\u00eb t\u00eb rezistenc\u00ebs s\u00eb liris\u00eb s\u00eb stilit. Romani i tij i madh i vitit 1963, Gjenerali i ushtris\u00eb s\u00eb vdekur, ishte toleruar, sepse tema e tij ishte shqet\u00ebsuese, \u00ebnd\u00ebrrimi i tij pengoi etiketat komuniste: zhvarrosja e ushtar\u00ebve nga Lufta e Dyt\u00eb Bot\u00ebrore para nj\u00eb prifti dhe nj\u00eb ushtari italian, n\u00ebn shiun shqiptar q\u00eb vazhdon t\u00eb bjer\u00eb.\u201d<\/em><\/p>\n","protected":false},"excerpt":{"rendered":"<p>Shkrimtari i madh shqiptar, kolosi i let\u00ebrsis\u00eb shqipe, i madhi Ismail Kadare, mbylli syt\u00eb m\u00ebngjesin e djesh\u00ebm n\u00eb mosh\u00ebn 88-vje\u00e7are duke l\u00ebn\u00eb pas nj\u00eb dhimbje t\u00eb madhe te t\u00eb gjith\u00eb ata q\u00eb pat\u00ebn fatin ta njohin nga af\u00ebr, punojn\u00eb dhe t\u00eb rriten me shkrimet dhe librat e tij. P\u00ebrgjat\u00eb jet\u00ebs s\u00eb tij, Kadare \u00ebsht\u00eb vler\u00ebsuar [&hellip;]<\/p>\n","protected":false},"author":5,"featured_media":76307,"comment_status":"closed","ping_status":"closed","sticky":false,"template":"","format":"standard","meta":{"footnotes":""},"categories":[1,7665,7664,6332],"tags":[31895],"class_list":{"0":"post-76306","1":"post","2":"type-post","3":"status-publish","4":"format-standard","5":"has-post-thumbnail","7":"category-aktualitet","8":"category-art","9":"category-bota","10":"category-te-fundit","11":"tag-ikja-e-kadarese-presidenca-franceze-vdiq-nje-shkrimtar-qe-misheroi-forcen-e-shpirtit-europian"},"_links":{"self":[{"href":"https:\/\/jugulajm.net\/index.php?rest_route=\/wp\/v2\/posts\/76306","targetHints":{"allow":["GET"]}}],"collection":[{"href":"https:\/\/jugulajm.net\/index.php?rest_route=\/wp\/v2\/posts"}],"about":[{"href":"https:\/\/jugulajm.net\/index.php?rest_route=\/wp\/v2\/types\/post"}],"author":[{"embeddable":true,"href":"https:\/\/jugulajm.net\/index.php?rest_route=\/wp\/v2\/users\/5"}],"replies":[{"embeddable":true,"href":"https:\/\/jugulajm.net\/index.php?rest_route=%2Fwp%2Fv2%2Fcomments&post=76306"}],"version-history":[{"count":0,"href":"https:\/\/jugulajm.net\/index.php?rest_route=\/wp\/v2\/posts\/76306\/revisions"}],"wp:featuredmedia":[{"embeddable":true,"href":"https:\/\/jugulajm.net\/index.php?rest_route=\/wp\/v2\/media\/76307"}],"wp:attachment":[{"href":"https:\/\/jugulajm.net\/index.php?rest_route=%2Fwp%2Fv2%2Fmedia&parent=76306"}],"wp:term":[{"taxonomy":"category","embeddable":true,"href":"https:\/\/jugulajm.net\/index.php?rest_route=%2Fwp%2Fv2%2Fcategories&post=76306"},{"taxonomy":"post_tag","embeddable":true,"href":"https:\/\/jugulajm.net\/index.php?rest_route=%2Fwp%2Fv2%2Ftags&post=76306"}],"curies":[{"name":"wp","href":"https:\/\/api.w.org\/{rel}","templated":true}]}}