{"id":76275,"date":"2024-07-01T16:11:43","date_gmt":"2024-07-01T14:11:43","guid":{"rendered":"https:\/\/jugulajm.net\/?p=76275"},"modified":"2024-07-01T16:11:43","modified_gmt":"2024-07-01T14:11:43","slug":"gazetari-fevziu-kadare-te-varroset-prane-vellezerve-frasheri-dhe-faik-konices","status":"publish","type":"post","link":"https:\/\/jugulajm.net\/?p=76275","title":{"rendered":"Gazetari Fevziu: Kadare t\u00eb varroset pran\u00eb v\u00ebllez\u00ebrve Frash\u00ebri dhe Faik Konic\u00ebs"},"content":{"rendered":"<p>Gazetari Blendi Fevziu i ka b\u00ebr\u00eb thirrje Komisionit q\u00eb do t\u00eb merret me ceremonin\u00eb mortore t\u00eb Ismail Kadares\u00eb, q\u00eb shkrimtari t\u00eb varroset pran\u00eb v\u00ebllez\u00ebrve Frash\u00ebri dhe Faik Konic\u00ebs n\u00eb varrezat monumentale t\u00eb Parkut t\u00eb Liqenit.<\/p>\n<p>Komentet Fevziu i b\u00ebri p\u00ebrmes nj\u00eb lidhje p\u00ebr \u2018Euronews Albania\u2019, ku tha se shteti shqiptar ka detyrimin ta nderoj\u00eb Kadaren\u00eb, i cili sipas tij \u00ebsht\u00eb intelektuali m\u00eb i madh i kombit ton\u00eb.<\/p>\n<p>Fevziu ka treguar edhe takimin e fundit q\u00eb ka zhvilluar n\u00eb muajin mars me Kadaren\u00eb, i cili sipas tij, i kishte treguar se nuk ishte n\u00eb gjendje t\u00eb mir\u00eb sh\u00ebndet\u00ebsore dhe me tone humori i kishte th\u00ebn\u00eb \u2018po b\u00ebhem si personazhet e mi\u2019.<\/p>\n<p>\u201cE m\u00ebsova n\u00eb m\u00ebngjes kur u zgjova, nd\u00ebrkoh\u00eb shum\u00eb t\u00eb njohur q\u00eb zgjohen m\u00eb her\u00ebt se un\u00eb m\u00eb kishin d\u00ebrguar lajmin. Ishte e trisht\u00eb. Do t\u00eb vinte nj\u00eb dit\u00eb, por momenti kur vjen ty t\u00eb duket e pabesueshme. Kadare nuk ka qen\u00eb vet\u00ebm intelektuali m\u00eb i madh q\u00eb ne kemi, njeriu q\u00eb m\u00eb ka frym\u00ebzuar, por edhe nj\u00eb person q\u00eb un\u00eb kam ndar\u00eb shum\u00eb biseda dhe ishte nj\u00eb nga njer\u00ebzit m\u00eb t\u00eb k\u00ebndsh\u00ebm q\u00eb un\u00eb kam njohur.<\/p>\n<p>E kam takuar n\u00eb mes t\u00eb marsit, n\u00eb 15 mars ku shkova ta takoja n\u00eb zon\u00ebn e Juvenilies ku ai rrinte p\u00ebrher\u00eb. M\u00eb tha nuk jam mir\u00eb, po b\u00ebhet si personazhet e mi. I thash sado t\u00eb p\u00ebrpiqesh nuk b\u00ebhesh dot si personazhet e tu.<\/p>\n<p>Bisedat reale pastaj q\u00eb kam b\u00ebr\u00eb me t\u00eb ishin para dy vitesh n\u00eb bregdetin e Qerretit. Kam pasur nj\u00eb raport konstant p\u00ebr t\u00eb pakt\u00ebn 25-30 vite me t\u00eb. Ka qen\u00eb nj\u00eb njeri q\u00eb i kam shkuar shpesh n\u00eb sht\u00ebpi dhe ka ardhur n\u00eb sht\u00ebpin\u00eb time. Kan\u00eb qen\u00eb biseda t\u00eb jasht\u00ebzakonshme. Un\u00eb kam pasur fatin q\u00eb t\u00eb takoj njer\u00ebzit m\u00eb t\u00eb r\u00ebnd\u00ebsish\u00ebm t\u00eb k\u00ebtij vendi dhe Kadare hyn te k\u00ebta njer\u00ebz\u201d, tha Fevziu.<\/p>\n<p>Nd\u00ebrkoh\u00eb mesa di un\u00eb komisioni \u00ebsht\u00eb mbledhur n\u00eb or\u00ebn 15:00 q\u00eb merret me varrimin e Kadares\u00eb. Ideja q\u00eb un\u00eb kam dhe q\u00eb po e b\u00ebj publike \u00ebsht\u00eb q\u00eb Ismail Kadare t\u00eb mos varroset n\u00eb varrezat normale, por t\u00eb varroset pran\u00eb v\u00ebllez\u00ebrve Frash\u00ebri dhe Faik Konic\u00ebs, n\u00eb varrez\u00ebn monumentale t\u00eb Parkut t\u00eb Liqenit.<\/p>\n<p>Mendoj se \u00ebsht\u00eb intelektuali m\u00eb i madh q\u00eb Shqip\u00ebria ka nxjerr\u00eb dhe meriton nj\u00eb trajtim t\u00eb ve\u00e7ant\u00eb. Komisioni duhet ta b\u00ebj\u00eb k\u00ebt\u00eb vler\u00ebsim, sepse n\u00eb fund vendimin p\u00ebrfundimtar e merr familja. Shqip\u00ebria ka detyrimin ta nderoj\u00eb me nj\u00eb lloj panteoni t\u00eb njer\u00ebzve t\u00eb m\u00ebdhenj t\u00eb Shqip\u00ebris\u00eb\u201d, tha Fevziu.<\/p>\n","protected":false},"excerpt":{"rendered":"<p>Gazetari Blendi Fevziu i ka b\u00ebr\u00eb thirrje Komisionit q\u00eb do t\u00eb merret me ceremonin\u00eb mortore t\u00eb Ismail Kadares\u00eb, q\u00eb shkrimtari t\u00eb varroset pran\u00eb v\u00ebllez\u00ebrve Frash\u00ebri dhe Faik Konic\u00ebs n\u00eb varrezat monumentale t\u00eb Parkut t\u00eb Liqenit. Komentet Fevziu i b\u00ebri p\u00ebrmes nj\u00eb lidhje p\u00ebr \u2018Euronews Albania\u2019, ku tha se shteti shqiptar ka detyrimin ta nderoj\u00eb Kadaren\u00eb, [&hellip;]<\/p>\n","protected":false},"author":5,"featured_media":76276,"comment_status":"closed","ping_status":"closed","sticky":false,"template":"","format":"standard","meta":{"footnotes":""},"categories":[1,6332,29228],"tags":[31882],"class_list":{"0":"post-76275","1":"post","2":"type-post","3":"status-publish","4":"format-standard","5":"has-post-thumbnail","7":"category-aktualitet","8":"category-te-fundit","9":"category-vendi","10":"tag-gazetari-fevziu-kadare-te-varroset-prane-vellezerve-frasheri-dhe-faik-konices"},"_links":{"self":[{"href":"https:\/\/jugulajm.net\/index.php?rest_route=\/wp\/v2\/posts\/76275","targetHints":{"allow":["GET"]}}],"collection":[{"href":"https:\/\/jugulajm.net\/index.php?rest_route=\/wp\/v2\/posts"}],"about":[{"href":"https:\/\/jugulajm.net\/index.php?rest_route=\/wp\/v2\/types\/post"}],"author":[{"embeddable":true,"href":"https:\/\/jugulajm.net\/index.php?rest_route=\/wp\/v2\/users\/5"}],"replies":[{"embeddable":true,"href":"https:\/\/jugulajm.net\/index.php?rest_route=%2Fwp%2Fv2%2Fcomments&post=76275"}],"version-history":[{"count":0,"href":"https:\/\/jugulajm.net\/index.php?rest_route=\/wp\/v2\/posts\/76275\/revisions"}],"wp:featuredmedia":[{"embeddable":true,"href":"https:\/\/jugulajm.net\/index.php?rest_route=\/wp\/v2\/media\/76276"}],"wp:attachment":[{"href":"https:\/\/jugulajm.net\/index.php?rest_route=%2Fwp%2Fv2%2Fmedia&parent=76275"}],"wp:term":[{"taxonomy":"category","embeddable":true,"href":"https:\/\/jugulajm.net\/index.php?rest_route=%2Fwp%2Fv2%2Fcategories&post=76275"},{"taxonomy":"post_tag","embeddable":true,"href":"https:\/\/jugulajm.net\/index.php?rest_route=%2Fwp%2Fv2%2Ftags&post=76275"}],"curies":[{"name":"wp","href":"https:\/\/api.w.org\/{rel}","templated":true}]}}