{"id":76267,"date":"2024-07-01T13:24:44","date_gmt":"2024-07-01T11:24:44","guid":{"rendered":"https:\/\/jugulajm.net\/?p=76267"},"modified":"2024-07-01T13:24:44","modified_gmt":"2024-07-01T11:24:44","slug":"plagosen-me-arme-43-vjecarin-prangoset-26-vjecari-ne-kerkim-2-vellezerit","status":"publish","type":"post","link":"https:\/\/jugulajm.net\/?p=76267","title":{"rendered":"Plagos\u00ebn me arm\u00eb 43-vje\u00e7arin, prangoset 26-vje\u00e7ari, n\u00eb k\u00ebrkim 2 v\u00ebllez\u00ebrit"},"content":{"rendered":"<p>Policia ka arrestuar nj\u00eb prej autor\u00ebve t\u00eb dyshuar p\u00ebr plagosjen e nj\u00eb 43-vje\u00e7ari n\u00eb fshatin Luz i vog\u00ebl n\u00eb Kavaj\u00eb,\u00a0 pasditen e s\u00eb diel\u00ebs.<\/p>\n<p>N\u00eb pranga u vu nj\u00eb 26-vje\u00e7ar, mbi t\u00eb cilin r\u00ebndonjn\u00eb akuzat \u201cPlagosja e r\u00ebnd\u00eb me dashje\u201d dhe \u201cProdhimi dhe mbajtja pa leje e arm\u00ebve luftarake dhe e municionit\u201d.<\/p>\n<p>N\u00eb k\u00ebrkim jan\u00eb shpallur dhe dy autor\u00ebt e tjer\u00eb, t\u00eb cil\u00ebt jan\u00eb v\u00ebllez\u00ebr.<\/p>\n","protected":false},"excerpt":{"rendered":"<p>Policia ka arrestuar nj\u00eb prej autor\u00ebve t\u00eb dyshuar p\u00ebr plagosjen e nj\u00eb 43-vje\u00e7ari n\u00eb fshatin Luz i vog\u00ebl n\u00eb Kavaj\u00eb,\u00a0 pasditen e s\u00eb diel\u00ebs. N\u00eb pranga u vu nj\u00eb 26-vje\u00e7ar, mbi t\u00eb cilin r\u00ebndonjn\u00eb akuzat \u201cPlagosja e r\u00ebnd\u00eb me dashje\u201d dhe \u201cProdhimi dhe mbajtja pa leje e arm\u00ebve luftarake dhe e municionit\u201d. N\u00eb k\u00ebrkim jan\u00eb [&hellip;]<\/p>\n","protected":false},"author":5,"featured_media":58339,"comment_status":"closed","ping_status":"closed","sticky":false,"template":"","format":"standard","meta":{"footnotes":""},"categories":[1,6332,29228],"tags":[31878,31877,24804],"class_list":{"0":"post-76267","1":"post","2":"type-post","3":"status-publish","4":"format-standard","5":"has-post-thumbnail","7":"category-aktualitet","8":"category-te-fundit","9":"category-vendi","10":"tag-ne-kerkim-2-vellezerit","11":"tag-plagosen-me-arme-43-vjecarin","12":"tag-prangoset-26-vjecari"},"_links":{"self":[{"href":"https:\/\/jugulajm.net\/index.php?rest_route=\/wp\/v2\/posts\/76267","targetHints":{"allow":["GET"]}}],"collection":[{"href":"https:\/\/jugulajm.net\/index.php?rest_route=\/wp\/v2\/posts"}],"about":[{"href":"https:\/\/jugulajm.net\/index.php?rest_route=\/wp\/v2\/types\/post"}],"author":[{"embeddable":true,"href":"https:\/\/jugulajm.net\/index.php?rest_route=\/wp\/v2\/users\/5"}],"replies":[{"embeddable":true,"href":"https:\/\/jugulajm.net\/index.php?rest_route=%2Fwp%2Fv2%2Fcomments&post=76267"}],"version-history":[{"count":0,"href":"https:\/\/jugulajm.net\/index.php?rest_route=\/wp\/v2\/posts\/76267\/revisions"}],"wp:featuredmedia":[{"embeddable":true,"href":"https:\/\/jugulajm.net\/index.php?rest_route=\/wp\/v2\/media\/58339"}],"wp:attachment":[{"href":"https:\/\/jugulajm.net\/index.php?rest_route=%2Fwp%2Fv2%2Fmedia&parent=76267"}],"wp:term":[{"taxonomy":"category","embeddable":true,"href":"https:\/\/jugulajm.net\/index.php?rest_route=%2Fwp%2Fv2%2Fcategories&post=76267"},{"taxonomy":"post_tag","embeddable":true,"href":"https:\/\/jugulajm.net\/index.php?rest_route=%2Fwp%2Fv2%2Ftags&post=76267"}],"curies":[{"name":"wp","href":"https:\/\/api.w.org\/{rel}","templated":true}]}}