{"id":76153,"date":"2024-06-27T21:58:13","date_gmt":"2024-06-27T19:58:13","guid":{"rendered":"https:\/\/jugulajm.net\/?p=76153"},"modified":"2024-06-27T21:58:13","modified_gmt":"2024-06-27T19:58:13","slug":"13-vjecari-dergohet-me-helikopter-drejt-tiranes-ishte-me-motor-kur","status":"publish","type":"post","link":"https:\/\/jugulajm.net\/?p=76153","title":{"rendered":"13-vje\u00e7ari d\u00ebrgohet me helikopter drejt Tiran\u00ebs, ishte me motor kur&#8230;"},"content":{"rendered":"<p>13-vje\u00e7ari, i cili mbeti i aksidentuar r\u00ebnd\u00eb nga nj\u00eb makin\u00eb gjat\u00eb pasdites s\u00eb sotme n\u00eb aksin rrugor Miras-Sinic\u00eb \u00ebsht\u00eb nisur me urgjenc\u00eb drejt spitalit t\u00eb Traum\u00ebs p\u00ebr ndihm\u00eb m\u00eb t\u00eb specializuar.<\/p>\n<p>Sipas policis\u00eb i mitura ka qen\u00eb duke drejtuar nj\u00eb motor pa targa dhe mbrapa ka pasur v\u00ebllain e tij, gjendja e t\u00eb cilit \u00ebsht\u00eb stabilizuar.<\/p>\n<p><em>&#8220;M\u00eb dat\u00eb 27.06.2024, rreth or\u00ebs 17:05, n\u00eb aksin rrugor &#8220;Bilisht-Sinic\u00eb&#8221;, n\u00eb af\u00ebrsi t\u00eb fshatit Miras,\u00a0automjeti furgon tip &#8220;Volkswagen&#8221;, me drejtues shtetasin A. B., banues n\u00eb fshatin Vidohov\u00eb, \u00ebsht\u00eb p\u00ebrplasur me nj\u00eb motomjet pa targ\u00eb, me drejtues nj\u00eb shtetas t\u00eb mitur dhe pasagjer v\u00ebllain e tij, banues n\u00eb fshatin Miras, t\u00eb cil\u00ebt p\u00ebr pasoj\u00eb jan\u00eb d\u00ebmtuar dhe u d\u00ebrguan p\u00ebr mjekim n\u00eb spital.\u00a0<\/em><\/p>\n<p><em>Me drejtuesin e furgonit shtetasin A. B., po kryen veprimet e m\u00ebtejshme procedurale.\u00a0<\/em><em>Grupi hetimor po punon p\u00ebr t\u00eb sqaruar rrethanat dhe p\u00ebrcaktuar shkaqet e aksidentit,<\/em>&#8221; njoftoi m\u00eb her\u00ebt policia.<\/p>\n","protected":false},"excerpt":{"rendered":"<p>13-vje\u00e7ari, i cili mbeti i aksidentuar r\u00ebnd\u00eb nga nj\u00eb makin\u00eb gjat\u00eb pasdites s\u00eb sotme n\u00eb aksin rrugor Miras-Sinic\u00eb \u00ebsht\u00eb nisur me urgjenc\u00eb drejt spitalit t\u00eb Traum\u00ebs p\u00ebr ndihm\u00eb m\u00eb t\u00eb specializuar. Sipas policis\u00eb i mitura ka qen\u00eb duke drejtuar nj\u00eb motor pa targa dhe mbrapa ka pasur v\u00ebllain e tij, gjendja e t\u00eb cilit \u00ebsht\u00eb [&hellip;]<\/p>\n","protected":false},"author":5,"featured_media":71801,"comment_status":"closed","ping_status":"closed","sticky":false,"template":"","format":"standard","meta":{"footnotes":""},"categories":[1,6332,29228],"tags":[31828,26280],"class_list":{"0":"post-76153","1":"post","2":"type-post","3":"status-publish","4":"format-standard","5":"has-post-thumbnail","7":"category-aktualitet","8":"category-te-fundit","9":"category-vendi","10":"tag-13-vjecari-dergohet-me-helikopter-drejt-tiranes","11":"tag-ishte-me-motor-kur"},"_links":{"self":[{"href":"https:\/\/jugulajm.net\/index.php?rest_route=\/wp\/v2\/posts\/76153","targetHints":{"allow":["GET"]}}],"collection":[{"href":"https:\/\/jugulajm.net\/index.php?rest_route=\/wp\/v2\/posts"}],"about":[{"href":"https:\/\/jugulajm.net\/index.php?rest_route=\/wp\/v2\/types\/post"}],"author":[{"embeddable":true,"href":"https:\/\/jugulajm.net\/index.php?rest_route=\/wp\/v2\/users\/5"}],"replies":[{"embeddable":true,"href":"https:\/\/jugulajm.net\/index.php?rest_route=%2Fwp%2Fv2%2Fcomments&post=76153"}],"version-history":[{"count":0,"href":"https:\/\/jugulajm.net\/index.php?rest_route=\/wp\/v2\/posts\/76153\/revisions"}],"wp:featuredmedia":[{"embeddable":true,"href":"https:\/\/jugulajm.net\/index.php?rest_route=\/wp\/v2\/media\/71801"}],"wp:attachment":[{"href":"https:\/\/jugulajm.net\/index.php?rest_route=%2Fwp%2Fv2%2Fmedia&parent=76153"}],"wp:term":[{"taxonomy":"category","embeddable":true,"href":"https:\/\/jugulajm.net\/index.php?rest_route=%2Fwp%2Fv2%2Fcategories&post=76153"},{"taxonomy":"post_tag","embeddable":true,"href":"https:\/\/jugulajm.net\/index.php?rest_route=%2Fwp%2Fv2%2Ftags&post=76153"}],"curies":[{"name":"wp","href":"https:\/\/api.w.org\/{rel}","templated":true}]}}