{"id":76086,"date":"2024-06-25T19:21:44","date_gmt":"2024-06-25T17:21:44","guid":{"rendered":"https:\/\/jugulajm.net\/?p=76086"},"modified":"2024-06-25T19:21:44","modified_gmt":"2024-06-25T17:21:44","slug":"foto-vajza-e-silvinjos-dedikim-per-kombetaren-shqiptare-po-qaj-por-jam-mirenjohese","status":"publish","type":"post","link":"https:\/\/jugulajm.net\/?p=76086","title":{"rendered":"FOTO\/ Vajza e Silvinjos dedikim p\u00ebr Komb\u00ebtaren shqiptare: Po qaj, por jam mir\u00ebnjoh\u00ebse"},"content":{"rendered":"<p>N\u00eb sfid\u00ebn e nj\u00eb nate m\u00eb par\u00eb me Spanj\u00ebn, Shqip\u00ebria nuk arriti t\u00eb kaloj\u00eb faz\u00ebn e grupeve n\u00eb Kampionatin Evropian, por pavar\u00ebsisht k\u00ebsaj, Komb\u00ebtarja kuqezi ka b\u00ebr\u00eb nj\u00eb paraqitje p\u00ebr t\u2019u mbajtur mend.<\/p>\n<p>E emocionuar me paraqitjen e komb\u00ebtares s\u00eb Shqip\u00ebris\u00eb u shpreh edhe vajza e trajnerit Silvinjo, Taty Mendes, e cila publikoi foto dhe video nga tribunat e stadiumit t\u00eb ndeshjes s\u00eb djeshme.<\/p>\n<p>N\u00eb nj\u00ebrin prej imzheve, vajza e Silvinjos kishte pozuar me plisin e bardh\u00eb, plisi simbol i shqiptar\u00ebve.<\/p>\n<p>Nd\u00ebrkaq n\u00eb imazhin tjet\u00ebr pas p\u00ebrfundimit t\u00eb ndeshjes, ajo shkroi: \u201cPo qaj, por jam mir\u00ebnjoh\u00ebse\u201d.<\/p>\n<p>N\u00eb profilin e saj, ajo ndau edhe nj\u00eb video t\u00eb tifoz\u00ebve kuq e zi dhe t\u00eb lojtar\u00ebve t\u00eb komb\u00ebtares s\u00eb Shqip\u00ebris\u00eb q\u00eb p\u00ebrsh\u00ebndesnin tifoz\u00ebt, tek shkruante\u00a0<em>\u201cp\u00ebrgjithmon\u00eb luft\u00ebtar\u00eb\u201d.<\/em><\/p>\n<p><em><img decoding=\"async\" src=\"https:\/\/media.oranews.tv\/oranews.tv\/media3\/-640-0-dfss-1719332513.jpeg\" alt=\"FOTO\/ \u201cPo qaj, por jam mir\u00ebnjoh\u00ebse\u201d vajza e trajnerit\" width=\"100%\" data-size=\"x\" data-id=\"604080\" \/><\/em><\/p>\n","protected":false},"excerpt":{"rendered":"<p>N\u00eb sfid\u00ebn e nj\u00eb nate m\u00eb par\u00eb me Spanj\u00ebn, Shqip\u00ebria nuk arriti t\u00eb kaloj\u00eb faz\u00ebn e grupeve n\u00eb Kampionatin Evropian, por pavar\u00ebsisht k\u00ebsaj, Komb\u00ebtarja kuqezi ka b\u00ebr\u00eb nj\u00eb paraqitje p\u00ebr t\u2019u mbajtur mend. E emocionuar me paraqitjen e komb\u00ebtares s\u00eb Shqip\u00ebris\u00eb u shpreh edhe vajza e trajnerit Silvinjo, Taty Mendes, e cila publikoi foto dhe [&hellip;]<\/p>\n","protected":false},"author":5,"featured_media":76087,"comment_status":"closed","ping_status":"closed","sticky":false,"template":"","format":"standard","meta":{"footnotes":""},"categories":[6334,6332],"tags":[31786,31787],"class_list":{"0":"post-76086","1":"post","2":"type-post","3":"status-publish","4":"format-standard","5":"has-post-thumbnail","7":"category-sport","8":"category-te-fundit","9":"tag-foto-vajza-e-silvinjos-dedikim-per-kombetaren-shqiptare-po-qaj","10":"tag-por-jam-mirenjohese"},"_links":{"self":[{"href":"https:\/\/jugulajm.net\/index.php?rest_route=\/wp\/v2\/posts\/76086","targetHints":{"allow":["GET"]}}],"collection":[{"href":"https:\/\/jugulajm.net\/index.php?rest_route=\/wp\/v2\/posts"}],"about":[{"href":"https:\/\/jugulajm.net\/index.php?rest_route=\/wp\/v2\/types\/post"}],"author":[{"embeddable":true,"href":"https:\/\/jugulajm.net\/index.php?rest_route=\/wp\/v2\/users\/5"}],"replies":[{"embeddable":true,"href":"https:\/\/jugulajm.net\/index.php?rest_route=%2Fwp%2Fv2%2Fcomments&post=76086"}],"version-history":[{"count":0,"href":"https:\/\/jugulajm.net\/index.php?rest_route=\/wp\/v2\/posts\/76086\/revisions"}],"wp:featuredmedia":[{"embeddable":true,"href":"https:\/\/jugulajm.net\/index.php?rest_route=\/wp\/v2\/media\/76087"}],"wp:attachment":[{"href":"https:\/\/jugulajm.net\/index.php?rest_route=%2Fwp%2Fv2%2Fmedia&parent=76086"}],"wp:term":[{"taxonomy":"category","embeddable":true,"href":"https:\/\/jugulajm.net\/index.php?rest_route=%2Fwp%2Fv2%2Fcategories&post=76086"},{"taxonomy":"post_tag","embeddable":true,"href":"https:\/\/jugulajm.net\/index.php?rest_route=%2Fwp%2Fv2%2Ftags&post=76086"}],"curies":[{"name":"wp","href":"https:\/\/api.w.org\/{rel}","templated":true}]}}