{"id":76073,"date":"2024-06-25T13:21:57","date_gmt":"2024-06-25T11:21:57","guid":{"rendered":"https:\/\/jugulajm.net\/?p=76073"},"modified":"2024-06-25T13:23:08","modified_gmt":"2024-06-25T11:23:08","slug":"apeli-i-posacem-le-ne-fuqi-denimin-me-2-vite-burg-per-belerin","status":"publish","type":"post","link":"https:\/\/jugulajm.net\/?p=76073","title":{"rendered":"Apeli i Posa\u00e7\u00ebm l\u00eb n\u00eb fuqi d\u00ebnimin me 2 vite burg p\u00ebr Belerin"},"content":{"rendered":"<p>Gjykata e Posa\u00e7me e Apelit ka l\u00ebn\u00eb n\u00eb fuqi vendimin e Shkall\u00ebs s\u00eb Par\u00eb p\u00ebr ish-kryebashkiakun e Himar\u00ebs Fredi Beleri. Ky i fundit do t\u00eb vuaj\u00eb 2 vite heqje lirie p\u00ebr \u201ckorrupsion n\u00eb zgjedhje\u201d, nd\u00ebrsa p\u00ebr bashk\u00ebpun\u00ebtorin e tij, Pandeli Kokaveshi \u00ebsht\u00eb marr\u00eb vendimi i 4 vite sh\u00ebrbim prove, p\u00ebr shkak t\u00eb problemeve t\u00eb tij sh\u00ebndet\u00ebsore.<\/p>\n<p>Kujtojm\u00eb se Beleri u vu n\u00eb pranga m\u00eb 12 Maj 2023, dy dit\u00eb para zgjedhjeve lokale n\u00eb vend. Sipas SPAK, arrestimi i tij erdhi pas nj\u00eb denoncimi n\u00eb Prokurori ku pretendohej se Beleri ofronte 40 mij\u00eb Lek\u00eb p\u00ebr t\u00eb bler\u00eb 8 vota.<\/p>\n<p>Edhe pse arriti t\u00eb siguroj\u00eb votat p\u00ebr t\u2019u zgjedhur n\u00eb krye t\u00eb bashkis\u00eb s\u00eb Himar\u00ebs, ai nuk b\u00ebri dot betimin. Megjithat\u00eb vlen p\u00ebr t\u2019u theksuar se n\u00eb fillim t\u00eb k\u00ebtij muaji Beleri u zgjodh si p\u00ebrfaq\u00ebsues i Greqis\u00eb n\u00eb Parlamentin Europian p\u00ebr qeveris\u00ebse t\u00eb Demokracis\u00eb s\u00eb Re.<\/p>\n<p>Ambasadorja greke n\u00eb vendin ton\u00eb deklaroi para SPAK se\u00a0<em>\u201cp\u00ebr fat t\u00eb keq ngrihen pik\u00ebpyetje p\u00ebr paraburgimin e zgjatur t\u00eb zotit Beleri\u201d<\/em>.<\/p>\n","protected":false},"excerpt":{"rendered":"<p>Gjykata e Posa\u00e7me e Apelit ka l\u00ebn\u00eb n\u00eb fuqi vendimin e Shkall\u00ebs s\u00eb Par\u00eb p\u00ebr ish-kryebashkiakun e Himar\u00ebs Fredi Beleri. Ky i fundit do t\u00eb vuaj\u00eb 2 vite heqje lirie p\u00ebr \u201ckorrupsion n\u00eb zgjedhje\u201d, nd\u00ebrsa p\u00ebr bashk\u00ebpun\u00ebtorin e tij, Pandeli Kokaveshi \u00ebsht\u00eb marr\u00eb vendimi i 4 vite sh\u00ebrbim prove, p\u00ebr shkak t\u00eb problemeve t\u00eb tij [&hellip;]<\/p>\n","protected":false},"author":5,"featured_media":59039,"comment_status":"closed","ping_status":"closed","sticky":false,"template":"","format":"standard","meta":{"footnotes":""},"categories":[1,6326,6332,29228],"tags":[31776],"class_list":{"0":"post-76073","1":"post","2":"type-post","3":"status-publish","4":"format-standard","5":"has-post-thumbnail","7":"category-aktualitet","8":"category-politike","9":"category-te-fundit","10":"category-vendi","11":"tag-apeli-i-posacem-le-ne-fuqi-denimin-me-2-vite-burg-per-belerin"},"_links":{"self":[{"href":"https:\/\/jugulajm.net\/index.php?rest_route=\/wp\/v2\/posts\/76073","targetHints":{"allow":["GET"]}}],"collection":[{"href":"https:\/\/jugulajm.net\/index.php?rest_route=\/wp\/v2\/posts"}],"about":[{"href":"https:\/\/jugulajm.net\/index.php?rest_route=\/wp\/v2\/types\/post"}],"author":[{"embeddable":true,"href":"https:\/\/jugulajm.net\/index.php?rest_route=\/wp\/v2\/users\/5"}],"replies":[{"embeddable":true,"href":"https:\/\/jugulajm.net\/index.php?rest_route=%2Fwp%2Fv2%2Fcomments&post=76073"}],"version-history":[{"count":0,"href":"https:\/\/jugulajm.net\/index.php?rest_route=\/wp\/v2\/posts\/76073\/revisions"}],"wp:featuredmedia":[{"embeddable":true,"href":"https:\/\/jugulajm.net\/index.php?rest_route=\/wp\/v2\/media\/59039"}],"wp:attachment":[{"href":"https:\/\/jugulajm.net\/index.php?rest_route=%2Fwp%2Fv2%2Fmedia&parent=76073"}],"wp:term":[{"taxonomy":"category","embeddable":true,"href":"https:\/\/jugulajm.net\/index.php?rest_route=%2Fwp%2Fv2%2Fcategories&post=76073"},{"taxonomy":"post_tag","embeddable":true,"href":"https:\/\/jugulajm.net\/index.php?rest_route=%2Fwp%2Fv2%2Ftags&post=76073"}],"curies":[{"name":"wp","href":"https:\/\/api.w.org\/{rel}","templated":true}]}}