{"id":76046,"date":"2024-06-24T13:31:24","date_gmt":"2024-06-24T11:31:24","guid":{"rendered":"https:\/\/jugulajm.net\/?p=76046"},"modified":"2024-06-24T13:31:24","modified_gmt":"2024-06-24T11:31:24","slug":"ish-ministri-tahiri-shkon-ne-spak","status":"publish","type":"post","link":"https:\/\/jugulajm.net\/?p=76046","title":{"rendered":"Ish-ministri Tahiri shkon n\u00eb SPAK"},"content":{"rendered":"<p>Ish-ministri Saimir Tahiri \u00ebsht\u00eb paraqitur dit\u00ebn e sotme n\u00eb Prokurorin\u00eb e Posa\u00e7me kund\u00ebr Korrupsionit dhe Krimit t\u00eb Organizuar.<\/p>\n<p>Nuk dihet ende arsyeja pse u thirr n\u00eb SPAK, teksa kujtojm\u00eb se ish-ministri i Brendsh\u00ebm u lirua nga qelia m\u00eb 2 qershor t\u00eb vitit 2023, pas 20 muajsh i burgosur.<\/p>\n<p>Tahiri u lirua me vendim t\u00eb Gjykat\u00ebs s\u00eb shkall\u00ebs t\u00eb par\u00eb e Elbasanit, nd\u00ebrsa i kishte mbetur pa shlyer edhe nj\u00eb vjet e tet\u00eb muaj nga d\u00ebnimi.<\/p>\n<p>Ai u d\u00ebnua me tre vjet e kat\u00ebr muaj heqje lirie, n\u00eb shkurt t\u00eb vitit 2022, n\u00ebn akuz\u00ebn e \u201cshp\u00ebrdorimit t\u00eb detyr\u00ebs\u201d.<\/p>\n<div class=\"insertion-box\">\n<div class=\"\">\n<div id=\"t6679583d360aa\" data-p=\"100\">\n<p>Gjykata e argumentoi lirimin e tij me nj\u00eb raport t\u00eb Institutit t\u00eb Mjek\u00ebsis\u00eb Ligjore, ku theksohej se bashk\u00ebshortja e ish-ministrit t\u00eb Brendsh\u00ebm, p\u00ebr shkak t\u00eb problemeve sh\u00ebndet\u00ebsore, nuk mund t\u00eb kujdeset p\u00ebr dy f\u00ebmij\u00ebt e \u00e7iftit.<\/p>\n<p>Pas lirimit, Tahiri do e kalonte pjes\u00ebn e mbetur t\u00eb d\u00ebnimit n\u00eb sht\u00ebpi, por sipas vendimit t\u00eb Gjykat\u00ebs, ai mund t\u00eb l\u00ebviz\u00eb nga banesa vet\u00ebm \u201cp\u00ebr plot\u00ebsimin e nevojave t\u00eb domosdoshme familjare, kur Sh\u00ebrbimi i Prov\u00ebs \u00ebsht\u00eb dakord\u201d.<\/p>\n<\/div>\n<\/div>\n<\/div>\n","protected":false},"excerpt":{"rendered":"<p>Ish-ministri Saimir Tahiri \u00ebsht\u00eb paraqitur dit\u00ebn e sotme n\u00eb Prokurorin\u00eb e Posa\u00e7me kund\u00ebr Korrupsionit dhe Krimit t\u00eb Organizuar. Nuk dihet ende arsyeja pse u thirr n\u00eb SPAK, teksa kujtojm\u00eb se ish-ministri i Brendsh\u00ebm u lirua nga qelia m\u00eb 2 qershor t\u00eb vitit 2023, pas 20 muajsh i burgosur. Tahiri u lirua me vendim t\u00eb Gjykat\u00ebs [&hellip;]<\/p>\n","protected":false},"author":5,"featured_media":59991,"comment_status":"closed","ping_status":"closed","sticky":false,"template":"","format":"standard","meta":{"footnotes":""},"categories":[1,6326,6332],"tags":[31760],"class_list":{"0":"post-76046","1":"post","2":"type-post","3":"status-publish","4":"format-standard","5":"has-post-thumbnail","7":"category-aktualitet","8":"category-politike","9":"category-te-fundit","10":"tag-ish-ministri-tahiri-shkon-ne-spak"},"_links":{"self":[{"href":"https:\/\/jugulajm.net\/index.php?rest_route=\/wp\/v2\/posts\/76046","targetHints":{"allow":["GET"]}}],"collection":[{"href":"https:\/\/jugulajm.net\/index.php?rest_route=\/wp\/v2\/posts"}],"about":[{"href":"https:\/\/jugulajm.net\/index.php?rest_route=\/wp\/v2\/types\/post"}],"author":[{"embeddable":true,"href":"https:\/\/jugulajm.net\/index.php?rest_route=\/wp\/v2\/users\/5"}],"replies":[{"embeddable":true,"href":"https:\/\/jugulajm.net\/index.php?rest_route=%2Fwp%2Fv2%2Fcomments&post=76046"}],"version-history":[{"count":0,"href":"https:\/\/jugulajm.net\/index.php?rest_route=\/wp\/v2\/posts\/76046\/revisions"}],"wp:featuredmedia":[{"embeddable":true,"href":"https:\/\/jugulajm.net\/index.php?rest_route=\/wp\/v2\/media\/59991"}],"wp:attachment":[{"href":"https:\/\/jugulajm.net\/index.php?rest_route=%2Fwp%2Fv2%2Fmedia&parent=76046"}],"wp:term":[{"taxonomy":"category","embeddable":true,"href":"https:\/\/jugulajm.net\/index.php?rest_route=%2Fwp%2Fv2%2Fcategories&post=76046"},{"taxonomy":"post_tag","embeddable":true,"href":"https:\/\/jugulajm.net\/index.php?rest_route=%2Fwp%2Fv2%2Ftags&post=76046"}],"curies":[{"name":"wp","href":"https:\/\/api.w.org\/{rel}","templated":true}]}}