{"id":76021,"date":"2024-06-23T11:41:12","date_gmt":"2024-06-23T09:41:12","guid":{"rendered":"https:\/\/jugulajm.net\/?p=76021"},"modified":"2024-06-23T11:41:12","modified_gmt":"2024-06-23T09:41:12","slug":"emri-greqi-shqiptari-25-vjecar-humb-jeten-ne-aksident","status":"publish","type":"post","link":"https:\/\/jugulajm.net\/?p=76021","title":{"rendered":"EMRI\/ Greqi, shqiptari 25-vje\u00e7ar humb jet\u00ebn n\u00eb aksident"},"content":{"rendered":"<p>Nj\u00eb aksident i r\u00ebnd\u00eb ka ndodhur n\u00eb Halkidi t\u00eb Greqis\u00eb ku nj\u00eb i ri shqiptar raportohet t\u00eb ket\u00eb vdekur.<\/p>\n<p>Policia greke ka b\u00ebr\u00eb me dije se viktima \u00ebsht\u00eb rreth mosh\u00ebs 25 vje\u00e7 me origjin\u00eb shqiptare gjithashtu automjeti i tij \u00ebsht\u00eb thuajse i shkat\u00ebrruar plot\u00ebsisht.<\/p>\n<p>Ngjarja ka ndodhur n\u00eb aksin Nea Fokaia-Sani, 650 metra para se t\u00eb shkosh n\u00eb hotelin \u201cSani Dunes\u201d.<\/p>\n<p>Mjeti me targa NZP \u2013 4087 i drejtuar nga Roberto Pojani 25 vje\u00e7, nga fshati Pojan i Maliqit, humbi kontrollin e mjetit p\u00ebr shkaqe t\u00eb paqarta dhe u p\u00ebrplas me nj\u00eb pem\u00eb.<\/p>\n<p>Si pasoj\u00eb e aksidentit, humbi jet\u00ebn 25 vje\u00e7ari shqiptar, i cili udh\u00ebtonte i vet\u00ebm n\u00eb makin\u00eb.<\/p>\n<p>Policia po heton shkaqet e aksidentit t\u00eb r\u00ebnd\u00eb.<\/p>\n","protected":false},"excerpt":{"rendered":"<p>Nj\u00eb aksident i r\u00ebnd\u00eb ka ndodhur n\u00eb Halkidi t\u00eb Greqis\u00eb ku nj\u00eb i ri shqiptar raportohet t\u00eb ket\u00eb vdekur. Policia greke ka b\u00ebr\u00eb me dije se viktima \u00ebsht\u00eb rreth mosh\u00ebs 25 vje\u00e7 me origjin\u00eb shqiptare gjithashtu automjeti i tij \u00ebsht\u00eb thuajse i shkat\u00ebrruar plot\u00ebsisht. Ngjarja ka ndodhur n\u00eb aksin Nea Fokaia-Sani, 650 metra para se [&hellip;]<\/p>\n","protected":false},"author":5,"featured_media":76022,"comment_status":"closed","ping_status":"closed","sticky":false,"template":"","format":"standard","meta":{"footnotes":""},"categories":[1,6332],"tags":[23873,31746],"class_list":{"0":"post-76021","1":"post","2":"type-post","3":"status-publish","4":"format-standard","5":"has-post-thumbnail","7":"category-aktualitet","8":"category-te-fundit","9":"tag-emri-greqi","10":"tag-shqiptari-25-vjecar-humb-jeten-ne-aksident"},"_links":{"self":[{"href":"https:\/\/jugulajm.net\/index.php?rest_route=\/wp\/v2\/posts\/76021","targetHints":{"allow":["GET"]}}],"collection":[{"href":"https:\/\/jugulajm.net\/index.php?rest_route=\/wp\/v2\/posts"}],"about":[{"href":"https:\/\/jugulajm.net\/index.php?rest_route=\/wp\/v2\/types\/post"}],"author":[{"embeddable":true,"href":"https:\/\/jugulajm.net\/index.php?rest_route=\/wp\/v2\/users\/5"}],"replies":[{"embeddable":true,"href":"https:\/\/jugulajm.net\/index.php?rest_route=%2Fwp%2Fv2%2Fcomments&post=76021"}],"version-history":[{"count":0,"href":"https:\/\/jugulajm.net\/index.php?rest_route=\/wp\/v2\/posts\/76021\/revisions"}],"wp:featuredmedia":[{"embeddable":true,"href":"https:\/\/jugulajm.net\/index.php?rest_route=\/wp\/v2\/media\/76022"}],"wp:attachment":[{"href":"https:\/\/jugulajm.net\/index.php?rest_route=%2Fwp%2Fv2%2Fmedia&parent=76021"}],"wp:term":[{"taxonomy":"category","embeddable":true,"href":"https:\/\/jugulajm.net\/index.php?rest_route=%2Fwp%2Fv2%2Fcategories&post=76021"},{"taxonomy":"post_tag","embeddable":true,"href":"https:\/\/jugulajm.net\/index.php?rest_route=%2Fwp%2Fv2%2Ftags&post=76021"}],"curies":[{"name":"wp","href":"https:\/\/api.w.org\/{rel}","templated":true}]}}