{"id":75920,"date":"2024-06-20T18:48:14","date_gmt":"2024-06-20T16:48:14","guid":{"rendered":"https:\/\/jugulajm.net\/?p=75920"},"modified":"2024-06-20T18:48:28","modified_gmt":"2024-06-20T16:48:28","slug":"foto-bllokohet-ne-shtepi-7-vjecari-prinderit-harruar-celesat-brenda-kur-dolen-dhe","status":"publish","type":"post","link":"https:\/\/jugulajm.net\/?p=75920","title":{"rendered":"FOTO\/ Bllokohet n\u00eb sht\u00ebpi 7-vje\u00e7ari, prind\u00ebrit harruar \u00e7el\u00ebsat brenda kur dol\u00ebn dhe&#8230;"},"content":{"rendered":"<p>Nj\u00eb f\u00ebmij\u00eb 7 vje\u00e7ar ka mbetur i vet\u00ebm n\u00eb sht\u00ebpi pasi prind\u00ebrit e tij dol\u00ebn p\u00ebr t\u00eb b\u00ebr\u00eb pazare, por harruar \u00e7el\u00ebsat brenda n\u00eb banes\u00eb.<\/p>\n<p>Ngjarja ka ndodhur dit\u00ebn e sotme n\u00eb lagjen \u201c30 vjetori\u201d n\u00eb Berat, duke l\u00ebn\u00eb n\u00eb gjum\u00eb f\u00ebmij\u00ebn t\u00eb mitur.<\/p>\n<p>Pasi jan\u00eb drejtuar n\u00eb banes\u00eb, prind\u00ebrit kan\u00eb konstatuar se kan\u00eb harruar \u00e7el\u00ebsat e der\u00ebs s\u00eb blinduar brenda n\u00eb\u00a0 sht\u00ebpi.<\/p>\n<p>Nga ana e tyre \u00ebsht\u00eb telefonuar sh\u00ebrbimi zjarrfik\u00ebs, e n\u00eb banes\u00eb mb\u00ebrrit\u00ebn 6 efektiv\u00eb dhe nj\u00eb mjet autoshkall\u00eb.<\/p>\n<p>Ata kan\u00eb hyr\u00eb n\u00eb banes\u00eb nga ballkoni i kat\u00ebrt, duke p\u00ebrdorur shkall\u00ebt.<\/p>\n<p>Kujtojm\u00eb se ky \u00ebsht\u00eb rasti i dyt\u00eb brenda 10 dit\u00ebsh, q\u00eb dy f\u00ebmij\u00eb mbesin t\u00eb bllokuar n\u00eb banes\u00eb nga pakujdesia e prind\u00ebrve dhe shp\u00ebtohen nga zjarrfik\u00ebsit p\u00ebrmes hyrjes nga ballkoni.<\/p>\n","protected":false},"excerpt":{"rendered":"<p>Nj\u00eb f\u00ebmij\u00eb 7 vje\u00e7ar ka mbetur i vet\u00ebm n\u00eb sht\u00ebpi pasi prind\u00ebrit e tij dol\u00ebn p\u00ebr t\u00eb b\u00ebr\u00eb pazare, por harruar \u00e7el\u00ebsat brenda n\u00eb banes\u00eb. Ngjarja ka ndodhur dit\u00ebn e sotme n\u00eb lagjen \u201c30 vjetori\u201d n\u00eb Berat, duke l\u00ebn\u00eb n\u00eb gjum\u00eb f\u00ebmij\u00ebn t\u00eb mitur. Pasi jan\u00eb drejtuar n\u00eb banes\u00eb, prind\u00ebrit kan\u00eb konstatuar se kan\u00eb harruar [&hellip;]<\/p>\n","protected":false},"author":5,"featured_media":75921,"comment_status":"closed","ping_status":"closed","sticky":false,"template":"","format":"standard","meta":{"footnotes":""},"categories":[1,6332,29228],"tags":[31693,31694],"class_list":{"0":"post-75920","1":"post","2":"type-post","3":"status-publish","4":"format-standard","5":"has-post-thumbnail","7":"category-aktualitet","8":"category-te-fundit","9":"category-vendi","10":"tag-foto-bllokohet-ne-shtepi-7-vjecari","11":"tag-prinderit-harruar-celesat-brenda-kur-dolen-dhe"},"_links":{"self":[{"href":"https:\/\/jugulajm.net\/index.php?rest_route=\/wp\/v2\/posts\/75920","targetHints":{"allow":["GET"]}}],"collection":[{"href":"https:\/\/jugulajm.net\/index.php?rest_route=\/wp\/v2\/posts"}],"about":[{"href":"https:\/\/jugulajm.net\/index.php?rest_route=\/wp\/v2\/types\/post"}],"author":[{"embeddable":true,"href":"https:\/\/jugulajm.net\/index.php?rest_route=\/wp\/v2\/users\/5"}],"replies":[{"embeddable":true,"href":"https:\/\/jugulajm.net\/index.php?rest_route=%2Fwp%2Fv2%2Fcomments&post=75920"}],"version-history":[{"count":0,"href":"https:\/\/jugulajm.net\/index.php?rest_route=\/wp\/v2\/posts\/75920\/revisions"}],"wp:featuredmedia":[{"embeddable":true,"href":"https:\/\/jugulajm.net\/index.php?rest_route=\/wp\/v2\/media\/75921"}],"wp:attachment":[{"href":"https:\/\/jugulajm.net\/index.php?rest_route=%2Fwp%2Fv2%2Fmedia&parent=75920"}],"wp:term":[{"taxonomy":"category","embeddable":true,"href":"https:\/\/jugulajm.net\/index.php?rest_route=%2Fwp%2Fv2%2Fcategories&post=75920"},{"taxonomy":"post_tag","embeddable":true,"href":"https:\/\/jugulajm.net\/index.php?rest_route=%2Fwp%2Fv2%2Ftags&post=75920"}],"curies":[{"name":"wp","href":"https:\/\/api.w.org\/{rel}","templated":true}]}}