{"id":75899,"date":"2024-06-20T09:59:01","date_gmt":"2024-06-20T07:59:01","guid":{"rendered":"https:\/\/jugulajm.net\/?p=75899"},"modified":"2024-06-20T09:59:01","modified_gmt":"2024-06-20T07:59:01","slug":"ministri-balla-do-te-miratojme-ligjin-e-ri-per-policine-e-shtetit-ja-arsyeja","status":"publish","type":"post","link":"https:\/\/jugulajm.net\/?p=75899","title":{"rendered":"Ministri Balla: Do t\u00eb miratojm\u00eb ligjin e ri p\u00ebr Policin\u00eb e Shtetit, ja arsyeja&#8230;"},"content":{"rendered":"<p>Ministri i Brendsh\u00ebm, Taulant Balla, ka deklaruar sot gjat\u00eb nj\u00eb takimi me donator\u00ebt se k\u00ebt\u00eb vit n\u00eb fokus duhet t\u00eb jet\u00eb mb\u00ebshtetja p\u00ebr Akademin\u00eb e Siguris\u00eb, pasi \u00ebsht\u00eb i vetmi burim p\u00ebr rienergjizimin e policis\u00eb.<\/p>\n<p>Balla u shpreh se s\u00eb shpejti do t\u00eb miratohet ligji i ri p\u00ebr Policin\u00eb e Shtetit q\u00eb ka n\u00eb themel ristrukturimin e karrier\u00ebs brenda Policis\u00eb s\u00eb Shtetit dhe fuqizmin e burimit t\u00eb punonj\u00ebsve q\u00eb duhet t\u00eb vijn\u00eb nga Akademia e Siguris\u00eb.<\/p>\n<p>\u201cKur flasim p\u00ebr mb\u00ebshtetjen q\u00eb duhet t\u2019i japim Policis\u00eb s\u00eb Shtetit kjo mb\u00ebshtetje \u00ebsht\u00eb shum\u00ebplan\u00ebshe.<\/p>\n<p>Nj\u00eb moment tjet\u00ebr q\u00eb do t\u00eb k\u00ebrkoj shum\u00eb fokus \u00ebsht\u00eb mb\u00ebshtetja p\u00ebr Akademin\u00eb e Siguris\u00eb. Kemi biseduar me Britanin\u00eb e Madhe, me SHBA-n\u00eb, me qeverin\u00eb italiane, sa i p\u00ebrket mb\u00ebshtetjes p\u00ebr Akademin\u00eb e Siguris\u00eb.<\/p>\n<p>Do t\u00eb mir\u00ebprisja forcimin e kapaciteteve t\u00eb Akademis\u00eb, pasi \u00ebsht\u00eb i vetmi burim p\u00ebr rienergjizimin e organizat\u00ebs.<\/p>\n<p>Do t\u00eb miratojm\u00eb ligjin e ri p\u00ebr Policin\u00eb e Shtetit, q\u00eb ka n\u00eb themel ristrukturimin e karrier\u00ebs brenda Policis\u00eb s\u00eb Shtetit dhe fuqizimin e burimit t\u00eb punonj\u00ebsve q\u00eb duhet t\u00eb vijn\u00eb nga Akademia e Siguris\u00eb\u201d, u shpreh Balla.<\/p>\n","protected":false},"excerpt":{"rendered":"<p>Ministri i Brendsh\u00ebm, Taulant Balla, ka deklaruar sot gjat\u00eb nj\u00eb takimi me donator\u00ebt se k\u00ebt\u00eb vit n\u00eb fokus duhet t\u00eb jet\u00eb mb\u00ebshtetja p\u00ebr Akademin\u00eb e Siguris\u00eb, pasi \u00ebsht\u00eb i vetmi burim p\u00ebr rienergjizimin e policis\u00eb. Balla u shpreh se s\u00eb shpejti do t\u00eb miratohet ligji i ri p\u00ebr Policin\u00eb e Shtetit q\u00eb ka n\u00eb themel [&hellip;]<\/p>\n","protected":false},"author":5,"featured_media":62844,"comment_status":"closed","ping_status":"closed","sticky":false,"template":"","format":"standard","meta":{"footnotes":""},"categories":[1,6332,29228],"tags":[20856,31680],"class_list":{"0":"post-75899","1":"post","2":"type-post","3":"status-publish","4":"format-standard","5":"has-post-thumbnail","7":"category-aktualitet","8":"category-te-fundit","9":"category-vendi","10":"tag-ja-arsyeja","11":"tag-ministri-balla-do-te-miratojme-ligjin-e-ri-per-policine-e-shtetit"},"_links":{"self":[{"href":"https:\/\/jugulajm.net\/index.php?rest_route=\/wp\/v2\/posts\/75899","targetHints":{"allow":["GET"]}}],"collection":[{"href":"https:\/\/jugulajm.net\/index.php?rest_route=\/wp\/v2\/posts"}],"about":[{"href":"https:\/\/jugulajm.net\/index.php?rest_route=\/wp\/v2\/types\/post"}],"author":[{"embeddable":true,"href":"https:\/\/jugulajm.net\/index.php?rest_route=\/wp\/v2\/users\/5"}],"replies":[{"embeddable":true,"href":"https:\/\/jugulajm.net\/index.php?rest_route=%2Fwp%2Fv2%2Fcomments&post=75899"}],"version-history":[{"count":0,"href":"https:\/\/jugulajm.net\/index.php?rest_route=\/wp\/v2\/posts\/75899\/revisions"}],"wp:featuredmedia":[{"embeddable":true,"href":"https:\/\/jugulajm.net\/index.php?rest_route=\/wp\/v2\/media\/62844"}],"wp:attachment":[{"href":"https:\/\/jugulajm.net\/index.php?rest_route=%2Fwp%2Fv2%2Fmedia&parent=75899"}],"wp:term":[{"taxonomy":"category","embeddable":true,"href":"https:\/\/jugulajm.net\/index.php?rest_route=%2Fwp%2Fv2%2Fcategories&post=75899"},{"taxonomy":"post_tag","embeddable":true,"href":"https:\/\/jugulajm.net\/index.php?rest_route=%2Fwp%2Fv2%2Ftags&post=75899"}],"curies":[{"name":"wp","href":"https:\/\/api.w.org\/{rel}","templated":true}]}}