{"id":75681,"date":"2024-06-13T14:41:25","date_gmt":"2024-06-13T12:41:25","guid":{"rendered":"https:\/\/jugulajm.net\/?p=75681"},"modified":"2024-06-13T14:45:39","modified_gmt":"2024-06-13T12:45:39","slug":"emri-gjirokastriti-48-vjecar-ekstradohet-nga-greqia-ishte-denuar-ne-shqiperi-per","status":"publish","type":"post","link":"https:\/\/jugulajm.net\/?p=75681","title":{"rendered":"EMRI\/ Gjirokastriti 48-vje\u00e7ar ekstradohet nga Greqia, ishte d\u00ebnuar n\u00eb Shqip\u00ebri p\u00ebr&#8230;"},"content":{"rendered":"<p>Nj\u00eb 48 vje\u00e7ar nga Gjirokastra \u00ebsht\u00eb ekstraduar nga Greqia n\u00eb Shqip\u00ebri, pasi \u00ebsht\u00ea d\u00ebnuar nga gjykata e Gjirokastr\u00ebs me 6 vjet burg, sepse n\u00eb 2014 transportonte rreth 837 kg kanabis.<\/p>\n<p><strong>Njoftimi i policis\u00eb:<\/strong><\/p>\n<p>Gjirokast\u00ebr<\/p>\n<p>Specialist\u00ebt e Seksionit p\u00ebr Hetimin e Trafiqeve dhe Narkotik\u00ebve ekzekutuan vendimin penal t\u00eb dat\u00ebs 05.04.2016, t\u00eb Gjykat\u00ebs s\u00eb Shkall\u00ebs s\u00eb Par\u00eb t\u00eb Juridikionit t\u00eb P\u00ebrgjithsh\u00ebm Gjirokast\u00ebr, p\u00ebr shtetasin e shpallur n\u00eb k\u00ebrkim nd\u00ebrkomb\u00ebtar Surja Sinani, 48 vje\u00e7, i lindur n\u00eb Gjirokast\u00ebr, i cili u ekstradua dit\u00ebn e djeshme, nga Greqia n\u00eb Shqip\u00ebri.<\/p>\n<p>Gjykata e Gjirokastr\u00ebs e ka d\u00ebnuar k\u00ebt\u00eb shtetas, me 6 vjet burgim, p\u00ebr vepr\u00ebn penale \u201cProdhimi dhe shitja e narkotik\u00ebve\u201d. N\u00eb vitin 2014, shtetasi Surja Sinani, n\u00eb bashk\u00ebpunim me shtetas t\u00eb tjer\u00eb, transportonte rreth 700 pako me cannabis sativa, me pesh\u00eb totale rreth 837 kilogram\u00eb.<\/p>\n<p>48-vje\u00e7ari iu dor\u00ebzua Drejtoris\u00eb s\u00eb P\u00ebrgjithshme t\u00eb Burgjeve, me q\u00ebllim kryerjen e veprimeve t\u00eb m\u00ebtejshme.<\/p>\n","protected":false},"excerpt":{"rendered":"<p>Nj\u00eb 48 vje\u00e7ar nga Gjirokastra \u00ebsht\u00eb ekstraduar nga Greqia n\u00eb Shqip\u00ebri, pasi \u00ebsht\u00ea d\u00ebnuar nga gjykata e Gjirokastr\u00ebs me 6 vjet burg, sepse n\u00eb 2014 transportonte rreth 837 kg kanabis. Njoftimi i policis\u00eb: Gjirokast\u00ebr Specialist\u00ebt e Seksionit p\u00ebr Hetimin e Trafiqeve dhe Narkotik\u00ebve ekzekutuan vendimin penal t\u00eb dat\u00ebs 05.04.2016, t\u00eb Gjykat\u00ebs s\u00eb Shkall\u00ebs s\u00eb Par\u00eb [&hellip;]<\/p>\n","protected":false},"author":5,"featured_media":51910,"comment_status":"closed","ping_status":"closed","sticky":false,"template":"","format":"standard","meta":{"footnotes":""},"categories":[1,6332,29228],"tags":[31571,31572],"class_list":{"0":"post-75681","1":"post","2":"type-post","3":"status-publish","4":"format-standard","5":"has-post-thumbnail","7":"category-aktualitet","8":"category-te-fundit","9":"category-vendi","10":"tag-emri-gjirokastriti-48-vjecar-ekstradohet-nga-greqia","11":"tag-ishte-denuar-ne-shqiperi-per"},"_links":{"self":[{"href":"https:\/\/jugulajm.net\/index.php?rest_route=\/wp\/v2\/posts\/75681","targetHints":{"allow":["GET"]}}],"collection":[{"href":"https:\/\/jugulajm.net\/index.php?rest_route=\/wp\/v2\/posts"}],"about":[{"href":"https:\/\/jugulajm.net\/index.php?rest_route=\/wp\/v2\/types\/post"}],"author":[{"embeddable":true,"href":"https:\/\/jugulajm.net\/index.php?rest_route=\/wp\/v2\/users\/5"}],"replies":[{"embeddable":true,"href":"https:\/\/jugulajm.net\/index.php?rest_route=%2Fwp%2Fv2%2Fcomments&post=75681"}],"version-history":[{"count":0,"href":"https:\/\/jugulajm.net\/index.php?rest_route=\/wp\/v2\/posts\/75681\/revisions"}],"wp:featuredmedia":[{"embeddable":true,"href":"https:\/\/jugulajm.net\/index.php?rest_route=\/wp\/v2\/media\/51910"}],"wp:attachment":[{"href":"https:\/\/jugulajm.net\/index.php?rest_route=%2Fwp%2Fv2%2Fmedia&parent=75681"}],"wp:term":[{"taxonomy":"category","embeddable":true,"href":"https:\/\/jugulajm.net\/index.php?rest_route=%2Fwp%2Fv2%2Fcategories&post=75681"},{"taxonomy":"post_tag","embeddable":true,"href":"https:\/\/jugulajm.net\/index.php?rest_route=%2Fwp%2Fv2%2Ftags&post=75681"}],"curies":[{"name":"wp","href":"https:\/\/api.w.org\/{rel}","templated":true}]}}