{"id":75640,"date":"2024-06-12T10:29:00","date_gmt":"2024-06-12T08:29:00","guid":{"rendered":"https:\/\/jugulajm.net\/?p=75640"},"modified":"2024-06-12T10:31:40","modified_gmt":"2024-06-12T08:31:40","slug":"sot-ditelindja-e-partise-socialiste-flet-lefter-ligu-disa-kujtime-mbi-krijimin-e-ps-se-ne-gjirokaster","status":"publish","type":"post","link":"https:\/\/jugulajm.net\/?p=75640","title":{"rendered":"Sot dit\u00eblindja e Partis\u00eb Socialiste, flet Lefter Ligu: Disa kujtime mbi krijimin e PS-s\u00eb n\u00eb Gjirokast\u00ebr"},"content":{"rendered":"<p><strong>Nga Lefter Ligu<\/strong><\/p>\n<p>Disa kujtime mbi krijimin e Partis\u00eb Socialiste dhe organizimin e strukturave t\u00eb saj n\u00eb rrethin e Gjirokastr\u00ebs.<\/p>\n<p>Si ish-n\u00ebnkryetari i PS rrethi Gjirokast\u00ebr, q\u00eb n\u00eb krijimin e saj po sjell disa kujtime:<\/p>\n<p>Themelimi i Partis\u00eb Socialiste m\u00eb 12 Qershor 1991 plot\u00ebsoi sistemin e pluralizmit politik n\u00eb Shqip\u00ebri. Menj\u00ebher\u00eb pas k\u00ebsaj edhe n\u00eb rrethin ton\u00eb filloi puna p\u00ebr krijimin dhe organizimin e strukturave t\u00eb Partis\u00eb Socialiste n\u00eb \u00e7do lagje t\u00eb qytetit e n\u00eb \u00e7do fshat.<\/p>\n<p>N\u00eb at\u00eb periudh\u00eb t\u00eb ishe socialist nuk ishte e leht\u00eb. Ndaj an\u00ebtar\u00ebve dhe simpatizant\u00ebve t\u00eb Partis\u00eb Socialiste kishte persekutime ose neni 24\/1, nd\u00ebshkime e arrestime, sidomos gjat\u00eb viteve t\u00eb nj\u00eb opozite t\u00eb v\u00ebshtir\u00eb 1992-1997.<\/p>\n<p>Protagonist\u00ebt e atyre viteve e kujtojn\u00eb se tek Sheshi i \u00c7er\u00e7izit q\u00ebndronin punonj\u00ebsit e SHIK, t\u00eb policis\u00eb dhe ekstremist\u00eb t\u00eb Partis\u00eb Demokratike t\u00eb cil\u00ebt jo vet\u00ebm b\u00ebnin presion ndaj nesh, por edhe evidentonin e shantazhonin se kush hynte n\u00eb selin\u00eb e Partis\u00eb Socialiste.<\/p>\n<p>D\u00ebshiroj t\u00eb sjell n\u00eb kujtes\u00ebn tone kontributin dhe sakrificat e jasht\u00ebzakonshme t\u00eb ish-kryetarit t\u00eb Partis\u00eb Socialiste t\u00eb rrethit t\u00eb Gjirokatr\u00ebs, mikut t\u00eb paharruar Resul Llogo, ndaj t\u00eb cilit pati dhun\u00eb, shantazhe e disa her\u00eb shoq\u00ebrime n\u00eb polici.<\/p>\n<p>Gjithashtu p\u00ebr krijimin e Partis\u00eb Socialiste dhe strukturave t\u00eb saj n\u00eb t\u00eb gjith\u00eb rrethin e Gjirokastr\u00ebs, duhet t\u00eb kujtojm\u00eb me respekt e mir\u00ebnjohje kontributin e madh t\u00eb socialist\u00ebve n\u00eb ato vite t\u00eb nj\u00eb opozite t\u00eb v\u00ebshtir\u00eb si\u00e7 jan\u00eb: Besnik Shehu, Nimet Sk\u00ebndi, Bashkim Fino, Sk\u00ebnder Seferi, Petrit Brahimi, Vjosava Bozgo, Murat Kaci, Beso Brahimi, Zylfo \u00c7obani, Elvira Shapllo, Roland Karalli, Flora Sotiri, Flamur Gozhita, Shk\u00eblqim Gu\u00e7e, Nasuhi Guma, Bajram Devolli, Shpresa Mino, Dalip Shehu, Dasho Qeli, Ismail Zeko, Pandeli Badiava, Edi Pesha, Afrim Mele, Gori Kristaqi, Spartak Pumo, Ismet Haxhia, Vaso Dashi, Thanas Dino, Thoma Andrea, Veledin Korkuti, Adriatik K\u00ebndella, Thanas Boboli, Bajram Avdia, Vladimir Hide, Asim Banushi, Kosta Vasili, Jorgo Paguna, Avni \u00c7u\u00e7i, Pandeli Cinga, Margarita Muho, Zana Mevlani, Izmini Sufati, Hasan Tushe, Krenar Veliu, Foto Fuqi, Ki\u00e7o Thimio, Maksi Gozhita, Moza Musta, Roland Zisi, Resul Brahimi, Engj\u00ebll Serjani, Ismail Xhaferi, Marjanthi Badiava, Klodiana K\u00ebndella, Spiro Maluqi, Thoma Garo, Thanas Xhumba, Halil Leskaj, Odise Vasili, Vasil \u00c7u\u00e7i, Nonda Andoni, Merita Isaraj, Renata Puleri, Vojo Isaraj, Tomor Matushi, Naxhi Kacaruho, Nase Mihali, Jovan Zizi, Llazo Dedi, Florian Hysi, Andi Shkurta, Elton Hasani, Andi Mehilli, Islam Thana, Aleko Boboli, Alban Matushi, Esat Rabi, Ilia Kalluci e shum\u00eb t\u00eb tjer\u00eb.<\/p>\n<p>Partia Socialiste m\u00eb rrethin e Gjirokastr\u00ebs brenda nj\u00eb viti u b\u00eb me mbi 3 mij\u00eb an\u00ebtar\u00eb e mij\u00ebra simpatizant\u00eb, duke rritur k\u00ebshtu p\u00ebrkrahjen dhe besimin tek elektorati. Kjo u kuror\u00ebzua n\u00eb zgjedhjet e pushtetit q\u00ebndror nga Partia Demokratike dhe pik\u00ebrisht n\u00eb 26 korrik 1992 Partia Socialiste fitoi Bashkin\u00eb e Gjirokastr\u00ebs me kryetar mikun tone t\u00eb paharruar Bashkim Finon, si edhe Komunat Cepo me kryetar Edmond Ku\u00e7in, Picar me kryetar Limoz Lazaj, Antigone me kryetar Ismet Q\u00ebndro, Zagori me kryetar Arqile Hila dhe komun\u00ebn Qend\u00ebr Libohov\u00eb me kryetar Kalam Kuti.<\/p>\n<p>Partia Socialiste Gjirokast\u00ebr po forcohej drejt nj\u00eb reformimi t\u00eb thell\u00eb e t\u00eb vazhduesh\u00ebm duke integruar brezat e rinj n\u00eb radh\u00ebt e saj nga t\u00eb rinjt\u00eb e forumit eurosocialist. Ky organizim me nj\u00eb shtrirje t\u00eb gjer\u00eb n\u00eb t\u00eb gjith\u00eb rrethin e Gjirokastr\u00ebs, mobilizoi elekoratin, q\u00eb i tha jo projekt-kushtetut\u00ebs m\u00eb N\u00ebntor 1994.<\/p>\n<p>Partia Socialiste u b\u00eb forca politike m\u00eb e organizuar dhe m\u00eb e konsoliduar n\u00eb rrethin e Gjirokastr\u00ebs me nj\u00eb elektorat t\u00eb p\u00ebrhersh\u00ebm e t\u00eb q\u00ebndruesh\u00ebm.<\/p>\n<p>Shkruar per Jugulajm.net nga Lefter Ligu &#8211; Ish-n\u00ebnkryetar i Partis\u00eb Socialiste t\u00eb Rrethit Gjirokast\u00ebr.<\/p>\n<p>Gjirokast\u00ebr, 12 Qershor 2024.<\/p>\n","protected":false},"excerpt":{"rendered":"<p>Nga Lefter Ligu Disa kujtime mbi krijimin e Partis\u00eb Socialiste dhe organizimin e strukturave t\u00eb saj n\u00eb rrethin e Gjirokastr\u00ebs. Si ish-n\u00ebnkryetari i PS rrethi Gjirokast\u00ebr, q\u00eb n\u00eb krijimin e saj po sjell disa kujtime: Themelimi i Partis\u00eb Socialiste m\u00eb 12 Qershor 1991 plot\u00ebsoi sistemin e pluralizmit politik n\u00eb Shqip\u00ebri. Menj\u00ebher\u00eb pas k\u00ebsaj edhe n\u00eb [&hellip;]<\/p>\n","protected":false},"author":5,"featured_media":75641,"comment_status":"closed","ping_status":"closed","sticky":false,"template":"","format":"standard","meta":{"footnotes":""},"categories":[6326,6332],"tags":[31552,31551],"class_list":{"0":"post-75640","1":"post","2":"type-post","3":"status-publish","4":"format-standard","5":"has-post-thumbnail","7":"category-politike","8":"category-te-fundit","9":"tag-flet-lefter-ligu-disa-kujtime-mbi-krijimin-e-ps-se-ne-gjirokaster","10":"tag-sot-ditelindja-e-partise-socialiste"},"_links":{"self":[{"href":"https:\/\/jugulajm.net\/index.php?rest_route=\/wp\/v2\/posts\/75640","targetHints":{"allow":["GET"]}}],"collection":[{"href":"https:\/\/jugulajm.net\/index.php?rest_route=\/wp\/v2\/posts"}],"about":[{"href":"https:\/\/jugulajm.net\/index.php?rest_route=\/wp\/v2\/types\/post"}],"author":[{"embeddable":true,"href":"https:\/\/jugulajm.net\/index.php?rest_route=\/wp\/v2\/users\/5"}],"replies":[{"embeddable":true,"href":"https:\/\/jugulajm.net\/index.php?rest_route=%2Fwp%2Fv2%2Fcomments&post=75640"}],"version-history":[{"count":0,"href":"https:\/\/jugulajm.net\/index.php?rest_route=\/wp\/v2\/posts\/75640\/revisions"}],"wp:featuredmedia":[{"embeddable":true,"href":"https:\/\/jugulajm.net\/index.php?rest_route=\/wp\/v2\/media\/75641"}],"wp:attachment":[{"href":"https:\/\/jugulajm.net\/index.php?rest_route=%2Fwp%2Fv2%2Fmedia&parent=75640"}],"wp:term":[{"taxonomy":"category","embeddable":true,"href":"https:\/\/jugulajm.net\/index.php?rest_route=%2Fwp%2Fv2%2Fcategories&post=75640"},{"taxonomy":"post_tag","embeddable":true,"href":"https:\/\/jugulajm.net\/index.php?rest_route=%2Fwp%2Fv2%2Ftags&post=75640"}],"curies":[{"name":"wp","href":"https:\/\/api.w.org\/{rel}","templated":true}]}}