{"id":75619,"date":"2024-06-11T14:47:31","date_gmt":"2024-06-11T12:47:31","guid":{"rendered":"https:\/\/jugulajm.net\/?p=75619"},"modified":"2024-06-11T14:48:20","modified_gmt":"2024-06-11T12:48:20","slug":"gjykata-i-riktheu-vulen-reagon-kryetari-i-pd-se-sali-berisha","status":"publish","type":"post","link":"https:\/\/jugulajm.net\/?p=75619","title":{"rendered":"Gjykata i riktheu vul\u00ebn, reagon Kryetari i PD-s\u00eb, Sali Berisha"},"content":{"rendered":"<p>Kreu i PD-s\u00eb Sali Berisha ka reaguar\u00a0pasi gjykata e Apelit vendosi mospranimin e ankimimimit t\u00eb Enkelejd Alibeajt, duke njohur Sali Berish\u00ebn si kryetar t\u00eb PD-s\u00eb dhe dh\u00ebnien e vul\u00ebs dhe logon PD-s\u00eb.<\/p>\n<p><strong>Ja reagimi i plot\u00eb i Berish\u00ebs:<\/strong><\/p>\n<p>Mesazh p\u00ebr an\u00ebtar\u00ebt dhe mb\u00ebshtet\u00ebsit e PDSH!<\/p>\n<p>T\u00eb dashur demokrate dhe demokrat\u00eb, simpatizante dhe simpatizant\u00eb t\u00eb PD.<\/p>\n<p>Sot \u00ebsht\u00eb dita t\u00eb fal\u00ebnderoj dhe t\u00eb p\u00ebrulem me respektin m\u00eb t\u00eb madh para \u00e7do demokrateje e demokrati q\u00eb shkroi historin\u00eb n\u00eb kuvendin e 11 Dhjetorit!<\/p>\n<p>Kjo nuk \u00ebsht\u00eb historia e Sali Berish\u00ebs, por historia e demokracis\u00eb dhe opozitarizmit, \u00ebsht\u00eb mish\u00ebrimi i aksiom\u00ebs se Zoti \u00ebsht\u00eb me q\u00ebndrestar\u00ebt dhe guximtar\u00ebt!<\/p>\n<p>Askush m\u00eb shum\u00eb se demokrat\u00ebt nuk e kan\u00eb provuar k\u00ebt\u00eb p\u00ebrgjat\u00eb k\u00ebtyre 30 viteve, ne 1992 n\u00eb rr\u00ebzimin e diktatur\u00ebs, n\u00eb 97 p\u00ebrgjat\u00eb rebelimit t\u00eb kuq, por dhe sot ku pavar\u00ebsisht presionit padrejt\u00ebsive e k\u00ebrc\u00ebnimeve ata ja dol\u00ebn, as t\u00eb mos kapen, as te mos shiten dhe mbi t\u00eb gjitha t\u00eb mos zhduken!<\/p>\n<p>Q\u00ebndruan p\u00ebr Flamur!<\/p>\n<p>K\u00ebtij vendimi historia do ti njoh\u00eb merit\u00ebn e madhe t\u00eb parandalimit t\u00eb nj\u00eb mynxyre t\u00eb v\u00ebrtet\u00eb p\u00ebr vendin, kapjen e pluralizmit politik nga partia shtet.<\/p>\n<p>Por sot \u00ebsht\u00eb dit\u00eb e mir\u00eb edhe p\u00ebr \u00e7do demokrat e demokrate q\u00eb nuk \u00ebsht\u00eb me Sali Berish\u00ebn, por q\u00eb \u00ebsht\u00eb me Partin\u00eb Demokratike me Flamurin e saj pasi ky moment u heq atyre hendekun e ndarjes me shumic\u00ebn e v\u00ebllez\u00ebrve dhe motrave t\u00eb tyre!<\/p>\n<p>Sot dera p\u00ebr ta \u00ebsht\u00eb e hapur dhe respekti p\u00ebr kontributet dhe mendimin ndryshe \u00ebsht\u00eb i garantuar!<\/p>\n<p>Sot duhet t\u00eb bashkohemi rrethe Flamurit te pamposhtur t\u00eb betejave tona.<\/p>\n<p>Sot nuk ka fituar Sali Berisha, por demokracia. I vetmi i humbur sot \u00ebsht\u00eb Edi Rama.<\/p>\n<p>Q\u00ebllimi yn\u00eb i p\u00ebrbashk\u00ebt duhet t\u00eb jet\u00eb bashkimi p\u00ebr rr\u00ebzimin e tij dhe rikthimin e shpres\u00ebs tek shqiptar\u00ebt p\u00ebr t\u00eb realizuar s\u00eb bashku rotacionin e vonua, shp\u00ebtimin e Shqip\u00ebris\u00eb!<\/p>\n<p>O sot o kurr\u00eb!<\/p>\n","protected":false},"excerpt":{"rendered":"<p>Kreu i PD-s\u00eb Sali Berisha ka reaguar\u00a0pasi gjykata e Apelit vendosi mospranimin e ankimimimit t\u00eb Enkelejd Alibeajt, duke njohur Sali Berish\u00ebn si kryetar t\u00eb PD-s\u00eb dhe dh\u00ebnien e vul\u00ebs dhe logon PD-s\u00eb. Ja reagimi i plot\u00eb i Berish\u00ebs: Mesazh p\u00ebr an\u00ebtar\u00ebt dhe mb\u00ebshtet\u00ebsit e PDSH! T\u00eb dashur demokrate dhe demokrat\u00eb, simpatizante dhe simpatizant\u00eb t\u00eb PD. [&hellip;]<\/p>\n","protected":false},"author":5,"featured_media":59192,"comment_status":"closed","ping_status":"closed","sticky":false,"template":"","format":"standard","meta":{"footnotes":""},"categories":[6326,6332,29228],"tags":[31537,31538,22446],"class_list":{"0":"post-75619","1":"post","2":"type-post","3":"status-publish","4":"format-standard","5":"has-post-thumbnail","7":"category-politike","8":"category-te-fundit","9":"category-vendi","10":"tag-gjykata-i-riktheu-vulen","11":"tag-reagon-kryetari-i-pd-se","12":"tag-sali-berisha"},"_links":{"self":[{"href":"https:\/\/jugulajm.net\/index.php?rest_route=\/wp\/v2\/posts\/75619","targetHints":{"allow":["GET"]}}],"collection":[{"href":"https:\/\/jugulajm.net\/index.php?rest_route=\/wp\/v2\/posts"}],"about":[{"href":"https:\/\/jugulajm.net\/index.php?rest_route=\/wp\/v2\/types\/post"}],"author":[{"embeddable":true,"href":"https:\/\/jugulajm.net\/index.php?rest_route=\/wp\/v2\/users\/5"}],"replies":[{"embeddable":true,"href":"https:\/\/jugulajm.net\/index.php?rest_route=%2Fwp%2Fv2%2Fcomments&post=75619"}],"version-history":[{"count":0,"href":"https:\/\/jugulajm.net\/index.php?rest_route=\/wp\/v2\/posts\/75619\/revisions"}],"wp:featuredmedia":[{"embeddable":true,"href":"https:\/\/jugulajm.net\/index.php?rest_route=\/wp\/v2\/media\/59192"}],"wp:attachment":[{"href":"https:\/\/jugulajm.net\/index.php?rest_route=%2Fwp%2Fv2%2Fmedia&parent=75619"}],"wp:term":[{"taxonomy":"category","embeddable":true,"href":"https:\/\/jugulajm.net\/index.php?rest_route=%2Fwp%2Fv2%2Fcategories&post=75619"},{"taxonomy":"post_tag","embeddable":true,"href":"https:\/\/jugulajm.net\/index.php?rest_route=%2Fwp%2Fv2%2Ftags&post=75619"}],"curies":[{"name":"wp","href":"https:\/\/api.w.org\/{rel}","templated":true}]}}