{"id":75595,"date":"2024-06-10T18:06:39","date_gmt":"2024-06-10T16:06:39","guid":{"rendered":"https:\/\/jugulajm.net\/?p=75595"},"modified":"2024-06-10T18:06:39","modified_gmt":"2024-06-10T16:06:39","slug":"foto-rama-i-prishtines-i-jep-celesin-e-qytetit-rames-se-tiranes","status":"publish","type":"post","link":"https:\/\/jugulajm.net\/?p=75595","title":{"rendered":"FOTO\/ Rama i Prishtin\u00ebs i jep &#8220;\u00c7el\u00ebsin&#8221; e qytetit Ram\u00ebs s\u00eb Tiran\u00ebs"},"content":{"rendered":"<p>Kryeministri i Shqip\u00ebris\u00eb, Edi Rama, u nderua sot me \u201c\u00c7el\u00ebsin e Qytetit\u201d nga kryetari i Prishtin\u00ebs, P\u00ebrparim Rama.<\/p>\n<p>Rama tha se ndjehet i nderuar q\u00eb e mori \u00c7el\u00ebsin nga P\u00ebrparim Rama, Kryetari i Komun\u00ebs s\u00eb Prishtin\u00ebs, kryeqytetit tjet\u00ebr t\u00eb shqiptar\u00ebve\u201d.<\/p>\n<p>Kur e mori \u00c7el\u00ebsin n\u00eb dor\u00eb Rama tha se \u201ctani \u00ebsht\u00eb e sigurt q\u00eb mund t\u00eb vij pa marr\u00eb leje\u201d.<\/p>\n","protected":false},"excerpt":{"rendered":"<p>Kryeministri i Shqip\u00ebris\u00eb, Edi Rama, u nderua sot me \u201c\u00c7el\u00ebsin e Qytetit\u201d nga kryetari i Prishtin\u00ebs, P\u00ebrparim Rama. Rama tha se ndjehet i nderuar q\u00eb e mori \u00c7el\u00ebsin nga P\u00ebrparim Rama, Kryetari i Komun\u00ebs s\u00eb Prishtin\u00ebs, kryeqytetit tjet\u00ebr t\u00eb shqiptar\u00ebve\u201d. Kur e mori \u00c7el\u00ebsin n\u00eb dor\u00eb Rama tha se \u201ctani \u00ebsht\u00eb e sigurt q\u00eb mund [&hellip;]<\/p>\n","protected":false},"author":5,"featured_media":75596,"comment_status":"closed","ping_status":"closed","sticky":false,"template":"","format":"standard","meta":{"footnotes":""},"categories":[27451,6326,6332],"tags":[31525],"class_list":{"0":"post-75595","1":"post","2":"type-post","3":"status-publish","4":"format-standard","5":"has-post-thumbnail","7":"category-kosova","8":"category-politike","9":"category-te-fundit","10":"tag-foto-rama-i-prishtines-i-jep-celesin-e-qytetit-rames-se-tiranes"},"_links":{"self":[{"href":"https:\/\/jugulajm.net\/index.php?rest_route=\/wp\/v2\/posts\/75595","targetHints":{"allow":["GET"]}}],"collection":[{"href":"https:\/\/jugulajm.net\/index.php?rest_route=\/wp\/v2\/posts"}],"about":[{"href":"https:\/\/jugulajm.net\/index.php?rest_route=\/wp\/v2\/types\/post"}],"author":[{"embeddable":true,"href":"https:\/\/jugulajm.net\/index.php?rest_route=\/wp\/v2\/users\/5"}],"replies":[{"embeddable":true,"href":"https:\/\/jugulajm.net\/index.php?rest_route=%2Fwp%2Fv2%2Fcomments&post=75595"}],"version-history":[{"count":0,"href":"https:\/\/jugulajm.net\/index.php?rest_route=\/wp\/v2\/posts\/75595\/revisions"}],"wp:featuredmedia":[{"embeddable":true,"href":"https:\/\/jugulajm.net\/index.php?rest_route=\/wp\/v2\/media\/75596"}],"wp:attachment":[{"href":"https:\/\/jugulajm.net\/index.php?rest_route=%2Fwp%2Fv2%2Fmedia&parent=75595"}],"wp:term":[{"taxonomy":"category","embeddable":true,"href":"https:\/\/jugulajm.net\/index.php?rest_route=%2Fwp%2Fv2%2Fcategories&post=75595"},{"taxonomy":"post_tag","embeddable":true,"href":"https:\/\/jugulajm.net\/index.php?rest_route=%2Fwp%2Fv2%2Ftags&post=75595"}],"curies":[{"name":"wp","href":"https:\/\/api.w.org\/{rel}","templated":true}]}}