{"id":75538,"date":"2024-06-08T20:19:04","date_gmt":"2024-06-08T18:19:04","guid":{"rendered":"https:\/\/jugulajm.net\/?p=75538"},"modified":"2024-06-08T20:19:04","modified_gmt":"2024-06-08T18:19:04","slug":"video-kombetarja-shqiptare-pritet-me-eufori-ne-gjermani","status":"publish","type":"post","link":"https:\/\/jugulajm.net\/?p=75538","title":{"rendered":"VIDEO\/ Komb\u00ebtarja shqiptare pritet me eufori n\u00eb Gjermani"},"content":{"rendered":"<p>Komb\u00ebtarja shqiptare ka mb\u00ebrritur n\u00eb Gjermani. Kuqezinjt\u00eb udh\u00ebtuan pasditen e sotme nga Grac-i i Austris\u00eb drejt Dusseldorfit, duke u b\u00ebr\u00eb e para skuad\u00ebr finaliste e Europianit q\u00eb zbarkon n\u00eb Gjermani.<\/p>\n<p>Menj\u00ebher\u00eb sapo mb\u00ebrrit\u00ebn n\u00eb aeroportin e Dusseldorfit, kuqezinjt\u00eb u prit\u00ebn n\u00eb nj\u00eb atmosfer\u00eb fantastike.<\/p>\n<p>Ambadadorja e Shqip\u00ebris\u00eb n\u00eb Gjermani, Adia Sakiqi, zyrtar\u00eb t\u00eb UEFA-s, p\u00ebrfaq\u00ebsues t\u00eb lart\u00eb t\u00eb aeroportit por edhe disa f\u00ebmij\u00eb nga komuniteti shqiptar n\u00eb Dusseldorf, mir\u00ebprit\u00ebn t\u00eb par\u00ebt Komb\u00ebtaren shqiptare duke i uruar mir\u00ebseardhje dhe suksese n\u00eb Kampionatin Europian.<\/p>\n<div class=\"kodiim\" data-mce-contenteditable=\"false\"><iframe id=\"instagram-embed-0\" class=\"instagram-media instagram-media-rendered\" src=\"https:\/\/www.instagram.com\/reel\/C79oJ3sCUcG\/embed\/captioned\/?cr=1&amp;v=14&amp;wp=540&amp;rd=https%3A%2F%2Fpolitiko.al&amp;rp=%2Fe-tjera%2Fvideo-kombetarja-shqiptare-pritet-me-eufori-ne-gjermani-i508592%3Ffbclid%3DIwZXh0bgNhZW0CMTEAAR0eowP2XpV7a04dlGP6wED_jn6cyRSUnPK4YTc1Xmem11U1vsUEhKQ6LlY_aem_AU1mT8Jj4Fsw4kJ0vaAc0_4Ut-VdvPKjBnnuB7#%7B%22ci%22%3A0%2C%22os%22%3A6346%2C%22ls%22%3A670%2C%22le%22%3A1249.5%7D\" height=\"1005\" frameborder=\"0\" scrolling=\"no\" allowfullscreen=\"allowfullscreen\" data-instgrm-payload-id=\"instagram-media-payload-0\" data-mce-fragment=\"1\"><\/iframe><\/div>\n<p>Menj\u00ebher\u00eb m\u00eb pas Komb\u00ebtarja shqiptare \u00ebsht\u00eb nisur drejt Dortmundit ku do t\u00eb akomodohet n\u00eb kampin baz\u00eb gjat\u00eb dit\u00ebve t\u00eb q\u00ebndrimit n\u00eb Gjermani p\u00ebr finalet e \u201cEURO 2024\u201d n\u00eb SportCentrum Kaiserau.<\/p>\n","protected":false},"excerpt":{"rendered":"<p>Komb\u00ebtarja shqiptare ka mb\u00ebrritur n\u00eb Gjermani. Kuqezinjt\u00eb udh\u00ebtuan pasditen e sotme nga Grac-i i Austris\u00eb drejt Dusseldorfit, duke u b\u00ebr\u00eb e para skuad\u00ebr finaliste e Europianit q\u00eb zbarkon n\u00eb Gjermani. Menj\u00ebher\u00eb sapo mb\u00ebrrit\u00ebn n\u00eb aeroportin e Dusseldorfit, kuqezinjt\u00eb u prit\u00ebn n\u00eb nj\u00eb atmosfer\u00eb fantastike. Ambadadorja e Shqip\u00ebris\u00eb n\u00eb Gjermani, Adia Sakiqi, zyrtar\u00eb t\u00eb UEFA-s, p\u00ebrfaq\u00ebsues [&hellip;]<\/p>\n","protected":false},"author":5,"featured_media":75539,"comment_status":"closed","ping_status":"closed","sticky":false,"template":"","format":"standard","meta":{"footnotes":""},"categories":[6334,6332],"tags":[31491],"class_list":{"0":"post-75538","1":"post","2":"type-post","3":"status-publish","4":"format-standard","5":"has-post-thumbnail","7":"category-sport","8":"category-te-fundit","9":"tag-video-kombetarja-shqiptare-pritet-me-eufori-ne-gjermani"},"_links":{"self":[{"href":"https:\/\/jugulajm.net\/index.php?rest_route=\/wp\/v2\/posts\/75538","targetHints":{"allow":["GET"]}}],"collection":[{"href":"https:\/\/jugulajm.net\/index.php?rest_route=\/wp\/v2\/posts"}],"about":[{"href":"https:\/\/jugulajm.net\/index.php?rest_route=\/wp\/v2\/types\/post"}],"author":[{"embeddable":true,"href":"https:\/\/jugulajm.net\/index.php?rest_route=\/wp\/v2\/users\/5"}],"replies":[{"embeddable":true,"href":"https:\/\/jugulajm.net\/index.php?rest_route=%2Fwp%2Fv2%2Fcomments&post=75538"}],"version-history":[{"count":0,"href":"https:\/\/jugulajm.net\/index.php?rest_route=\/wp\/v2\/posts\/75538\/revisions"}],"wp:featuredmedia":[{"embeddable":true,"href":"https:\/\/jugulajm.net\/index.php?rest_route=\/wp\/v2\/media\/75539"}],"wp:attachment":[{"href":"https:\/\/jugulajm.net\/index.php?rest_route=%2Fwp%2Fv2%2Fmedia&parent=75538"}],"wp:term":[{"taxonomy":"category","embeddable":true,"href":"https:\/\/jugulajm.net\/index.php?rest_route=%2Fwp%2Fv2%2Fcategories&post=75538"},{"taxonomy":"post_tag","embeddable":true,"href":"https:\/\/jugulajm.net\/index.php?rest_route=%2Fwp%2Fv2%2Ftags&post=75538"}],"curies":[{"name":"wp","href":"https:\/\/api.w.org\/{rel}","templated":true}]}}