{"id":75523,"date":"2024-06-08T10:43:28","date_gmt":"2024-06-08T08:43:28","guid":{"rendered":"https:\/\/jugulajm.net\/?p=75523"},"modified":"2024-06-08T10:43:28","modified_gmt":"2024-06-08T08:43:28","slug":"itali-humb-jeten-shqiptari-61-vjecar-u-qellua-me-thike-nga-komshiu-italian","status":"publish","type":"post","link":"https:\/\/jugulajm.net\/?p=75523","title":{"rendered":"Itali, humb jet\u00ebn shqiptari 61-vje\u00e7ar, u q\u00ebllua me thik\u00eb nga komshiu italian"},"content":{"rendered":"<p>Nj\u00eb 61-vje\u00e7ar me origjin\u00eb shqiptare ka mbetur i vrar\u00eb pas nj\u00eb sherri n\u00eb Bibbiano, n\u00eb Reggio Emilia.<\/p>\n<p>Sipas\u00a0<a href=\"https:\/\/www.ilrestodelcarlino.it\/reggio-emilia\/cronaca\/omicidio-bibbiano-wsswkg6i\">hetimit<\/a>\u00a0paraprak, mes t\u00eb dyve ka shp\u00ebrthyer nj\u00eb debat p\u00ebr shkak t\u00eb talljes s\u00eb italianit ndaj shqiptarit.<\/p>\n<p>Nj\u00eb turm\u00eb e t\u00eb af\u00ebrmve dhe miqve t\u00eb viktim\u00ebs u mblodh menj\u00ebher\u00eb pas ngjarjes.<\/p>\n<p>Karabinier\u00ebt me v\u00ebshtir\u00ebsi dhe pas momenteve t\u00eb tensionit t\u00eb fort\u00eb krijuan nj\u00eb kordon dhe arrit\u00ebn t\u00eb largonin vras\u00ebsin e dyshuar, teksa personat e mbledhur aty tentuan ta sulmojn\u00eb.<\/p>\n<p>N\u00eb sken\u00ebn e krimit u gjet dhe u sekuestrua nj\u00eb thik\u00eb kuzhine, q\u00eb dyshohet se ishte arma e vrasjes.<\/p>\n<p>Dyshohet se autori e ka marr\u00eb nga banesa ku jeton me n\u00ebn\u00ebn e tij dhe m\u00eb pas ka shkuar n\u00eb sht\u00ebpin\u00eb e fqinj\u00ebve t\u00eb tij shqiptar\u00eb.<\/p>\n","protected":false},"excerpt":{"rendered":"<p>Nj\u00eb 61-vje\u00e7ar me origjin\u00eb shqiptare ka mbetur i vrar\u00eb pas nj\u00eb sherri n\u00eb Bibbiano, n\u00eb Reggio Emilia. Sipas\u00a0hetimit\u00a0paraprak, mes t\u00eb dyve ka shp\u00ebrthyer nj\u00eb debat p\u00ebr shkak t\u00eb talljes s\u00eb italianit ndaj shqiptarit. Nj\u00eb turm\u00eb e t\u00eb af\u00ebrmve dhe miqve t\u00eb viktim\u00ebs u mblodh menj\u00ebher\u00eb pas ngjarjes. Karabinier\u00ebt me v\u00ebshtir\u00ebsi dhe pas momenteve t\u00eb tensionit [&hellip;]<\/p>\n","protected":false},"author":5,"featured_media":69292,"comment_status":"closed","ping_status":"closed","sticky":false,"template":"","format":"standard","meta":{"footnotes":""},"categories":[1,7664,6332],"tags":[28199,26133,31481],"class_list":{"0":"post-75523","1":"post","2":"type-post","3":"status-publish","4":"format-standard","5":"has-post-thumbnail","7":"category-aktualitet","8":"category-bota","9":"category-te-fundit","10":"tag-humb-jeten-shqiptari-61-vjecar","11":"tag-itali","12":"tag-u-qellua-me-thike-nga-komshiu-italian"},"_links":{"self":[{"href":"https:\/\/jugulajm.net\/index.php?rest_route=\/wp\/v2\/posts\/75523","targetHints":{"allow":["GET"]}}],"collection":[{"href":"https:\/\/jugulajm.net\/index.php?rest_route=\/wp\/v2\/posts"}],"about":[{"href":"https:\/\/jugulajm.net\/index.php?rest_route=\/wp\/v2\/types\/post"}],"author":[{"embeddable":true,"href":"https:\/\/jugulajm.net\/index.php?rest_route=\/wp\/v2\/users\/5"}],"replies":[{"embeddable":true,"href":"https:\/\/jugulajm.net\/index.php?rest_route=%2Fwp%2Fv2%2Fcomments&post=75523"}],"version-history":[{"count":0,"href":"https:\/\/jugulajm.net\/index.php?rest_route=\/wp\/v2\/posts\/75523\/revisions"}],"wp:featuredmedia":[{"embeddable":true,"href":"https:\/\/jugulajm.net\/index.php?rest_route=\/wp\/v2\/media\/69292"}],"wp:attachment":[{"href":"https:\/\/jugulajm.net\/index.php?rest_route=%2Fwp%2Fv2%2Fmedia&parent=75523"}],"wp:term":[{"taxonomy":"category","embeddable":true,"href":"https:\/\/jugulajm.net\/index.php?rest_route=%2Fwp%2Fv2%2Fcategories&post=75523"},{"taxonomy":"post_tag","embeddable":true,"href":"https:\/\/jugulajm.net\/index.php?rest_route=%2Fwp%2Fv2%2Ftags&post=75523"}],"curies":[{"name":"wp","href":"https:\/\/api.w.org\/{rel}","templated":true}]}}