{"id":75500,"date":"2024-06-07T14:35:20","date_gmt":"2024-06-07T12:35:20","guid":{"rendered":"https:\/\/jugulajm.net\/?p=75500"},"modified":"2024-06-07T14:35:20","modified_gmt":"2024-06-07T12:35:20","slug":"vrasja-ne-dhermi-flet-babai-i-31-vjecarit-djali-do-i-kete-kerkuar-leket-dhe","status":"publish","type":"post","link":"https:\/\/jugulajm.net\/?p=75500","title":{"rendered":"Vrasja n\u00eb Dh\u00ebrmi, flet babai i 31-vje\u00e7arit: Djali do i ket\u00eb k\u00ebrkuar lek\u00ebt dhe&#8230;"},"content":{"rendered":"<p>Babai i recepsionistit 31-vje\u00e7ar me iniciale E.N, i cili u vra me arm\u00eb zjarri n\u00eb nj\u00eb hotel n\u00eb Dh\u00ebrmi, ka dh\u00ebn\u00eb detaje mbi t\u00eb shkuar\u00ebn e djalit t\u00eb tij.<\/p>\n<p>N\u00eb nj\u00eb intervist\u00eb p\u00ebr Euronews Albania, babai i t\u00eb riut,\u00a0u shpreh se\u00a0djali nuk kishte njohje t\u00eb m\u00ebparshme me autorin e krimit, 43-vje\u00e7arin me iniciale G.Sh.<\/p>\n<p>Babai n\u00ebnvizoi gjat\u00eb intervist\u00ebs se\u00a0i biri nuk ka pasur t\u00eb shkuar kriminale, por shtoi se ndaj tij \u00ebsht\u00eb vendosur vet\u00ebm nj\u00eb mas\u00eb sigurie \u201cdetyrim paraqitje\u201d pasi ishte kapur me 2 gram hashash.<\/p>\n<p>Ai shprehet se ngjarja e r\u00ebnd\u00eb mund t\u00eb ket\u00eb ndodhur p\u00ebr shkak t\u00eb nj\u00eb konflikti t\u00eb \u00e7astit, pasi sipas tij, djali mund t\u2019i ket\u00eb k\u00ebrkuar lek\u00ebt pronarit p\u00ebr dit\u00ebt q\u00eb ka punuar n\u00eb biznesin e k\u00ebtij t\u00eb fundit.<\/p>\n<p><strong>Pjes\u00eb nga intervista:<\/strong><\/p>\n<p><strong>Djali sa dit\u00eb kishte q\u00eb punonte te ky hotel?<\/strong><\/p>\n<p>-Ka nj\u00eb muaj q\u00eb ka shkuar n\u00eb Dh\u00ebrmi, do punonte n\u00eb nj\u00eb lokal tjet\u00ebr. Ai nuk ishte b\u00ebr\u00eb gati dhe kishte shkuar n\u00eb ky hotel p\u00ebr t\u00eb k\u00ebrkuar pun\u00eb. Ka nj\u00eb jav\u00eb.<\/p>\n<p><strong>Kush e sugjeroi k\u00ebt\u00eb hotel?<\/strong><\/p>\n<p>-Asnj\u00ebri. Vet kishte k\u00ebrkuar pun\u00eb. Si barist. Se p\u00ebrball\u00eb kishte barin. E vjehrra e autorit \u00ebsht\u00eb pronare e hotelit dhe e kishte k\u00ebrkuar n\u00eb recepsion. Ajo i ishte lutur djalit se dinte 3 gjuh\u00eb t\u00eb huaja, i kishte k\u00ebrkuar \u00e7uni 1.5 milion\u00eb lek\u00eb t\u00eb vjetra dhe kishin r\u00ebn\u00eb dakord. 5 dit\u00eb kishte q\u00eb kishte nisur pun\u00eb.<\/p>\n<p><strong>Kush u lajm\u00ebroi p\u00ebr vrasjen e djalit?<\/strong><\/p>\n<p>-Nga televizori, aty e mor\u00ebm vesh.<\/p>\n<p><strong>Po me dy djemt\u00eb e tjer\u00eb t\u00eb Kor\u00e7\u00ebs, djali kishte njohje?<\/strong><\/p>\n<p>-Jo nuk i njihte fare. Un\u00eb e di q\u00eb ve\u00e7 dy shok ka, ishin djem\u00eb t\u00eb tjer\u00eb<\/p>\n<p><strong>Djali me par\u00eb ka qen\u00eb i d\u00ebnuar p\u00ebr di\u00e7ka? Ka patur probleme me ligjin?<\/strong><\/p>\n<p>-Djali ka patur nj\u00eb detyrim paraqitje, e kap\u00ebn me dy gram hashash m\u00eb par\u00eb.<\/p>\n<p><strong>Pse mendon q\u00eb mund t\u00eb ket\u00eb ardhur kjo?<\/strong><\/p>\n<p>-Mendoj konflikt i \u00e7astit, mund t\u00eb mos i k\u00ebt\u00eb p\u00eblqyer puna, do i k\u00ebt\u00eb k\u00ebrkuar djali lek\u00ebt dhe ai nuk do ja k\u00ebt\u00eb dh\u00ebn\u00eb. 99% k\u00ebt\u00eb mendoj.<\/p>\n<p><strong>Djali yt nuk ishte konfliktual? Nuk kishte probleme m\u00eb par\u00eb?<\/strong><\/p>\n<p>-Ka qen\u00eb i qet\u00eb dhe i logjiksh\u00ebm p\u00ebrher\u00eb djali. Nuk ka patur asnj\u00ebher\u00eb probleme me njer\u00ebz.<\/p>\n<p><strong>Me par\u00eb \u00e7far\u00eb punonte djali?<\/strong><\/p>\n<p>-Kamarier, bankier ka qen\u00eb.<\/p>\n<p><strong>M\u00eb familjen e autorit nuk keni komunikuar fare?<\/strong><\/p>\n<p>-Jo jo. Ka shkuar familja e gjith\u00eb andej. Un\u00eb vet nuk jam mir\u00eb. E regjistrova telefonat\u00ebn me lejen tuaj<strong>.<\/strong><\/p>\n","protected":false},"excerpt":{"rendered":"<p>Babai i recepsionistit 31-vje\u00e7ar me iniciale E.N, i cili u vra me arm\u00eb zjarri n\u00eb nj\u00eb hotel n\u00eb Dh\u00ebrmi, ka dh\u00ebn\u00eb detaje mbi t\u00eb shkuar\u00ebn e djalit t\u00eb tij. N\u00eb nj\u00eb intervist\u00eb p\u00ebr Euronews Albania, babai i t\u00eb riut,\u00a0u shpreh se\u00a0djali nuk kishte njohje t\u00eb m\u00ebparshme me autorin e krimit, 43-vje\u00e7arin me iniciale G.Sh. Babai [&hellip;]<\/p>\n","protected":false},"author":5,"featured_media":75466,"comment_status":"closed","ping_status":"closed","sticky":false,"template":"","format":"standard","meta":{"footnotes":""},"categories":[1,6332,29228],"tags":[31471,31452],"class_list":{"0":"post-75500","1":"post","2":"type-post","3":"status-publish","4":"format-standard","5":"has-post-thumbnail","7":"category-aktualitet","8":"category-te-fundit","9":"category-vendi","10":"tag-flet-babai-i-31-vjecarit-djali-do-i-kete-kerkuar-leket-dhe","11":"tag-vrasja-ne-dhermi"},"_links":{"self":[{"href":"https:\/\/jugulajm.net\/index.php?rest_route=\/wp\/v2\/posts\/75500","targetHints":{"allow":["GET"]}}],"collection":[{"href":"https:\/\/jugulajm.net\/index.php?rest_route=\/wp\/v2\/posts"}],"about":[{"href":"https:\/\/jugulajm.net\/index.php?rest_route=\/wp\/v2\/types\/post"}],"author":[{"embeddable":true,"href":"https:\/\/jugulajm.net\/index.php?rest_route=\/wp\/v2\/users\/5"}],"replies":[{"embeddable":true,"href":"https:\/\/jugulajm.net\/index.php?rest_route=%2Fwp%2Fv2%2Fcomments&post=75500"}],"version-history":[{"count":0,"href":"https:\/\/jugulajm.net\/index.php?rest_route=\/wp\/v2\/posts\/75500\/revisions"}],"wp:featuredmedia":[{"embeddable":true,"href":"https:\/\/jugulajm.net\/index.php?rest_route=\/wp\/v2\/media\/75466"}],"wp:attachment":[{"href":"https:\/\/jugulajm.net\/index.php?rest_route=%2Fwp%2Fv2%2Fmedia&parent=75500"}],"wp:term":[{"taxonomy":"category","embeddable":true,"href":"https:\/\/jugulajm.net\/index.php?rest_route=%2Fwp%2Fv2%2Fcategories&post=75500"},{"taxonomy":"post_tag","embeddable":true,"href":"https:\/\/jugulajm.net\/index.php?rest_route=%2Fwp%2Fv2%2Ftags&post=75500"}],"curies":[{"name":"wp","href":"https:\/\/api.w.org\/{rel}","templated":true}]}}