{"id":75406,"date":"2024-06-05T13:14:17","date_gmt":"2024-06-05T11:14:17","guid":{"rendered":"https:\/\/jugulajm.net\/?p=75406"},"modified":"2024-06-05T13:14:17","modified_gmt":"2024-06-05T11:14:17","slug":"emri-foto-zvicer-gjendet-e-pajete-shqiptarja-27-vjecare","status":"publish","type":"post","link":"https:\/\/jugulajm.net\/?p=75406","title":{"rendered":"EMRI-FOTO\/ Zvic\u00ebr, gjendet e pajet\u00eb shqiptarja 27-vje\u00e7are"},"content":{"rendered":"<p>Nj\u00eb vajz\u00eb e re nga Kosova \u00ebsht\u00eb gjetur pa shenja jete n\u00eb banes\u00ebn e saj n\u00eb Zvic\u00ebr.<\/p>\n<p>Vitesa Kukalaj ka vdekur n\u00eb mosh\u00ebn 27-vje\u00e7are, nd\u00ebrsa Policia dhe Prokuroria n\u00eb shtetin zvicerian jan\u00eb duke hetuar rastin si vdekje e dyshimt\u00eb.<\/p>\n<p>Lajmin p\u00ebr vdekjen e 27-vje\u00e7ares e kan\u00eb dh\u00ebn\u00eb familjar\u00ebt e saj n\u00eb rrjetet sociale, nd\u00ebrsa p\u00ebrcjellja e saj p\u00ebr n\u00eb banes\u00ebn e fundit do t\u00eb b\u00ebhet dit\u00ebn e nes\u00ebrme n\u00eb Kosov\u00eb.<\/p>\n<p><em>\u201cMe pik\u00ebllim t\u00eb thell\u00eb njoftojm\u00eb farefisin, miqt\u00eb, shok\u00ebt e dashamir\u00ebt se m\u00eb e dashura jon\u00eb Vitesa (Amir) Kukalaj, n\u00eb mosh\u00ebn 27 vje\u00e7are papritmas nd\u00ebrroi jet\u00eb. Varrimi b\u00ebhet nes\u00ebr me dat\u00eb 06.06.2024 (e enjte), n\u00eb or\u00ebn 14:00, n\u00eb varrezat e fshatit Voksh. E pamja vazhdon dy dit pas varrimit n\u00eb fshatin Voksh. Vitesa iku n\u00eb mosh\u00eb t\u00eb re duke na l\u00ebn\u00eb p\u00ebrjet\u00eb t\u00eb pik\u00eblluar. Do t\u00eb kujtojm\u00eb gjithmon\u00eb me mall e dashuri!\u201d,<\/em>\u00a0thuhet n\u00eb njoftim.<\/p>\n","protected":false},"excerpt":{"rendered":"<p>Nj\u00eb vajz\u00eb e re nga Kosova \u00ebsht\u00eb gjetur pa shenja jete n\u00eb banes\u00ebn e saj n\u00eb Zvic\u00ebr. Vitesa Kukalaj ka vdekur n\u00eb mosh\u00ebn 27-vje\u00e7are, nd\u00ebrsa Policia dhe Prokuroria n\u00eb shtetin zvicerian jan\u00eb duke hetuar rastin si vdekje e dyshimt\u00eb. Lajmin p\u00ebr vdekjen e 27-vje\u00e7ares e kan\u00eb dh\u00ebn\u00eb familjar\u00ebt e saj n\u00eb rrjetet sociale, nd\u00ebrsa p\u00ebrcjellja [&hellip;]<\/p>\n","protected":false},"author":5,"featured_media":75407,"comment_status":"closed","ping_status":"closed","sticky":false,"template":"","format":"standard","meta":{"footnotes":""},"categories":[1,7664,6332],"tags":[31424,31425],"class_list":{"0":"post-75406","1":"post","2":"type-post","3":"status-publish","4":"format-standard","5":"has-post-thumbnail","7":"category-aktualitet","8":"category-bota","9":"category-te-fundit","10":"tag-emri-foto-zvicer","11":"tag-gjendet-e-pajete-shqiptarja-27-vjecare"},"_links":{"self":[{"href":"https:\/\/jugulajm.net\/index.php?rest_route=\/wp\/v2\/posts\/75406","targetHints":{"allow":["GET"]}}],"collection":[{"href":"https:\/\/jugulajm.net\/index.php?rest_route=\/wp\/v2\/posts"}],"about":[{"href":"https:\/\/jugulajm.net\/index.php?rest_route=\/wp\/v2\/types\/post"}],"author":[{"embeddable":true,"href":"https:\/\/jugulajm.net\/index.php?rest_route=\/wp\/v2\/users\/5"}],"replies":[{"embeddable":true,"href":"https:\/\/jugulajm.net\/index.php?rest_route=%2Fwp%2Fv2%2Fcomments&post=75406"}],"version-history":[{"count":0,"href":"https:\/\/jugulajm.net\/index.php?rest_route=\/wp\/v2\/posts\/75406\/revisions"}],"wp:featuredmedia":[{"embeddable":true,"href":"https:\/\/jugulajm.net\/index.php?rest_route=\/wp\/v2\/media\/75407"}],"wp:attachment":[{"href":"https:\/\/jugulajm.net\/index.php?rest_route=%2Fwp%2Fv2%2Fmedia&parent=75406"}],"wp:term":[{"taxonomy":"category","embeddable":true,"href":"https:\/\/jugulajm.net\/index.php?rest_route=%2Fwp%2Fv2%2Fcategories&post=75406"},{"taxonomy":"post_tag","embeddable":true,"href":"https:\/\/jugulajm.net\/index.php?rest_route=%2Fwp%2Fv2%2Ftags&post=75406"}],"curies":[{"name":"wp","href":"https:\/\/api.w.org\/{rel}","templated":true}]}}