{"id":75316,"date":"2024-06-02T21:22:50","date_gmt":"2024-06-02T19:22:50","guid":{"rendered":"https:\/\/jugulajm.net\/?p=75316"},"modified":"2024-06-02T21:22:50","modified_gmt":"2024-06-02T19:22:50","slug":"ish-zv-kryeministri-ahmetaj-per-rai3-kryeministri-rama-i-priste-mafiozet-ne-zyre","status":"publish","type":"post","link":"https:\/\/jugulajm.net\/?p=75316","title":{"rendered":"Ish-zv\/kryeministri Ahmetaj p\u00ebr Rai3: Kryeministri Rama i priste mafioz\u00ebt n\u00eb zyr\u00eb"},"content":{"rendered":"<p>Pjesa e dyt\u00eb e emisionit investigativ Report, q\u00eb provokoi polemika t\u00eb forta me kryeministrin shqiptar Edi Rama sjell k\u00ebt\u00eb t\u00eb diel\u00eb n\u00eb Raitre nj\u00eb d\u00ebshmi tjet\u00ebr t\u00eb ish-zv.kryeministrit n\u00eb arrati, Arben Ahmetaj. Nga sa ka zbuluar gazetari Xhorxhio Motola n\u00eb nj\u00eb pjes\u00eb t\u00eb tekstit t\u00eb tij, Arben Ahmetaj citohet t\u00eb ket\u00eb th\u00ebn\u00eb\u00a0<em>\u201cRama i takon shefat e mafias n\u00eb zyr\u00ebn e tij n\u00eb kryeministri. I kam par\u00eb vet\u00eb\u201d.<\/em><\/p>\n<p>K\u00ebt\u00eb deklarat\u00eb, shkruan gazetari italian, Arben Ahmetaj e shtjellon gjat\u00eb bised\u00ebs q\u00eb transmetohet sot n\u00eb emision, kur p\u00ebrmend nj\u00eb nd\u00ebrmjet\u00ebs, sip\u00ebrmarr\u00ebs n\u00eb shitjen e cigareve n\u00eb Durr\u00ebs, djali i nj\u00eb prej ish-deputet\u00ebve socialist\u00eb, i quajtur Ergys Agasi.<\/p>\n<p><em>\u201cGrupet kriminale p\u00ebrfitojn\u00eb tendera p\u00ebrmes emrave fiktiv\u00eb, riciklojn\u00eb para n\u00eb nd\u00ebrtim. Koordinohen me Edi Ram\u00ebn\u201d<\/em>\u00a0citohet s\u00ebrish Arben Ahmetaj n\u00eb nj\u00eb pjes\u00eb t\u00eb d\u00ebshmis\u00eb q\u00eb gazetari italian i ka marr\u00eb n\u00eb Zvic\u00ebr, ku ai po q\u00ebndron n\u00eb arrati.<\/p>\n<p>Nga fotoja q\u00eb ka zbuluar p\u00ebr kureshtar\u00ebt e emisionit q\u00eb\u00a0 transmetohet sot, Arben Ahmetaj duket n\u00eb an\u00ebn tjet\u00ebr t\u00eb nj\u00eb tavoline, q\u00eb me gjas\u00eb \u00ebsht\u00eb duke folur n\u00eb nj\u00eb restorant. Nga k\u00ebndi i fotos, gjasat jan\u00eb q\u00eb intervista t\u00eb jet\u00eb marr\u00eb me nj\u00eb kamera t\u00eb fsheht\u00eb.<\/p>\n<p><img loading=\"lazy\" loading=\"lazy\" decoding=\"async\" class=\"alignnone size-full wp-image-920652\" src=\"https:\/\/lapsi.al\/wp-content\/uploads\/2024\/06\/arben-ahmetaj.png\" sizes=\"auto, (max-width: 842px) 100vw, 842px\" srcset=\"https:\/\/lapsi.al\/wp-content\/uploads\/2024\/06\/arben-ahmetaj.png 842w, https:\/\/lapsi.al\/wp-content\/uploads\/2024\/06\/arben-ahmetaj-300x206.png 300w, https:\/\/lapsi.al\/wp-content\/uploads\/2024\/06\/arben-ahmetaj-768x526.png 768w\" alt=\"\" width=\"842\" height=\"577\" \/><\/p>\n<p>Por Report ka marr\u00eb edhe reagimin e Ram\u00ebs n\u00eb nj\u00eb intervist\u00eb n\u00eb zyr\u00ebn e tij n\u00eb kryeministri, pik\u00ebrisht p\u00ebr Arben Ahmetajn dhe akuzat q\u00eb i b\u00ebn njeriu i tij m\u00eb i besuar n\u00eb qeveri deri pak koh\u00eb m\u00eb par\u00eb. Rama tenton t\u2019i zhvler\u00ebsoj\u00eb akuzat e r\u00ebnda, kur p\u00ebrgjigjet: \u201c<em>Njer\u00ebz q\u00eb nuk duhen marr\u00eb seriozisht. Politika shqiptare nuk \u00ebsht\u00eb e prekur nga mafia\u201d<\/em>\u00a0thot\u00eb kryeministri.<\/p>\n<p>Por me k\u00ebmb\u00ebngulje, Report sjell nj\u00eb shembull p\u00ebr t\u00eb cilin \u00ebsht\u00eb folur gjat\u00eb edhe n\u00eb Shqip\u00ebri. Rasti i Luftar Hys\u00ebs, biznesmeni i loj\u00ebrave t\u00eb fatit, pronar i kazinove n\u00eb Meksik\u00eb, Kanada dhe shum\u00eb vende t\u00eb tjera, i cili \u00ebsht\u00eb p\u00ebrfolur n\u00eb mediat meksikane p\u00ebr lidhjet me klanin e Sinaloas n\u00eb Meksik\u00eb. Fotot e Luftar Hys\u00ebs, biznesmenit nga Belshi, q\u00eb del nga kryeministria tashm\u00eb jan\u00eb publike. Dy muaj pas takimit, Hysa mori nj\u00eb licens\u00eb p\u00ebr t\u00eb hapur kazino n\u00eb Vlor\u00eb, shkruan Xhorxhio Motola.<\/p>\n<p>\u201cVet\u00ebm nj\u00eb her\u00eb e kam par\u00eb. Kurr\u00eb m\u00eb!\u201d mbrohet Rama p\u00ebr takimin n\u00eb fjal\u00eb, nd\u00ebrsa Report i referohet mediave kanadeze si njeriu q\u00eb\u00a0<em>\u201criciklon parat\u00eb e kartelit t\u00eb Sinaloas\u201d.<\/em><\/p>\n<p>Investigimi vazhdon edhe me nj\u00eb m\u00ebnyr\u00eb tjet\u00ebr t\u00eb pastrimit t\u00eb parave, m\u00eb fine, por po aq efektive sa kumari; kriptomonedhat. Dihet se shum\u00eb sip\u00ebrmarr\u00ebs italian\u00eb kan\u00eb kaluar Adriatikun p\u00ebr t\u00eb investuar n\u00eb Shqip\u00ebri. Mes tyre \u00ebsht\u00eb nj\u00eb kompani e lidhur me ish-kryeministrin Masimmo D\u2019Alema. B\u00ebhet fjal\u00eb p\u00ebr kompanin\u00eb A&amp;I. \u201cN\u00eb Shqip\u00ebri m\u00ebrret me kriptovaluta\u201d shpjegon Arben Ahmetaj, nj\u00eb fakt q\u00eb D\u2019Alemma e ka mohuar. Por Report ka vazhduar hetimin pavar\u00ebsisht deklaratave t\u00eb D\u2019Alem\u00ebs dhe gjen lidhjet mes ish-kryeministrit t\u00eb Italis\u00eb dhe kompanis\u00eb n\u00eb fjal\u00eb. Vet\u00eb Rama ka qen\u00eb n\u00eb prezantimin e kompanis\u00eb n\u00eb Tiran\u00eb ku \u00ebsht\u00eb folur p\u00ebr p\u00ebrdorimin e \u201cblockchain\u201d n\u00eb vendin ton\u00eb.<\/p>\n<p>Pjesa e dyt\u00eb e Report, nj\u00ebsoj si e para, duket se do t\u00eb jet\u00eb nj\u00eb shuplak\u00eb tjet\u00ebr p\u00ebr qeverin\u00eb shqiptare. Sulmet q\u00eb erdh\u00ebn nga Tirana duket se nuk i kan\u00eb kompleksuar gazetar\u00ebt italian\u00eb. Her\u00ebn e par\u00eb, kryeministri u kap pas nj\u00eb reagimi q\u00eb kishte dh\u00ebn\u00eb sekretari i tij \u00cbngj\u00ebll Aga\u00e7i dhe q\u00eb nuk ishte transmetuar. Mbetet p\u00ebr t\u2019u par\u00eb si do t\u00eb reagoj\u00eb p\u00ebr pjes\u00ebn e dyt\u00eb t\u00eb emisionit.<\/p>\n","protected":false},"excerpt":{"rendered":"<p>Pjesa e dyt\u00eb e emisionit investigativ Report, q\u00eb provokoi polemika t\u00eb forta me kryeministrin shqiptar Edi Rama sjell k\u00ebt\u00eb t\u00eb diel\u00eb n\u00eb Raitre nj\u00eb d\u00ebshmi tjet\u00ebr t\u00eb ish-zv.kryeministrit n\u00eb arrati, Arben Ahmetaj. Nga sa ka zbuluar gazetari Xhorxhio Motola n\u00eb nj\u00eb pjes\u00eb t\u00eb tekstit t\u00eb tij, Arben Ahmetaj citohet t\u00eb ket\u00eb th\u00ebn\u00eb\u00a0\u201cRama i takon shefat [&hellip;]<\/p>\n","protected":false},"author":5,"featured_media":75317,"comment_status":"closed","ping_status":"closed","sticky":false,"template":"","format":"standard","meta":{"footnotes":""},"categories":[1,6326,6332],"tags":[31378],"class_list":{"0":"post-75316","1":"post","2":"type-post","3":"status-publish","4":"format-standard","5":"has-post-thumbnail","7":"category-aktualitet","8":"category-politike","9":"category-te-fundit","10":"tag-ish-zv-kryeministri-ahmetaj-per-rai3-kryeministri-rama-i-priste-mafiozet-ne-zyre"},"_links":{"self":[{"href":"https:\/\/jugulajm.net\/index.php?rest_route=\/wp\/v2\/posts\/75316","targetHints":{"allow":["GET"]}}],"collection":[{"href":"https:\/\/jugulajm.net\/index.php?rest_route=\/wp\/v2\/posts"}],"about":[{"href":"https:\/\/jugulajm.net\/index.php?rest_route=\/wp\/v2\/types\/post"}],"author":[{"embeddable":true,"href":"https:\/\/jugulajm.net\/index.php?rest_route=\/wp\/v2\/users\/5"}],"replies":[{"embeddable":true,"href":"https:\/\/jugulajm.net\/index.php?rest_route=%2Fwp%2Fv2%2Fcomments&post=75316"}],"version-history":[{"count":0,"href":"https:\/\/jugulajm.net\/index.php?rest_route=\/wp\/v2\/posts\/75316\/revisions"}],"wp:featuredmedia":[{"embeddable":true,"href":"https:\/\/jugulajm.net\/index.php?rest_route=\/wp\/v2\/media\/75317"}],"wp:attachment":[{"href":"https:\/\/jugulajm.net\/index.php?rest_route=%2Fwp%2Fv2%2Fmedia&parent=75316"}],"wp:term":[{"taxonomy":"category","embeddable":true,"href":"https:\/\/jugulajm.net\/index.php?rest_route=%2Fwp%2Fv2%2Fcategories&post=75316"},{"taxonomy":"post_tag","embeddable":true,"href":"https:\/\/jugulajm.net\/index.php?rest_route=%2Fwp%2Fv2%2Ftags&post=75316"}],"curies":[{"name":"wp","href":"https:\/\/api.w.org\/{rel}","templated":true}]}}