{"id":75305,"date":"2024-06-02T16:25:08","date_gmt":"2024-06-02T14:25:08","guid":{"rendered":"https:\/\/jugulajm.net\/?p=75305"},"modified":"2024-06-02T16:25:08","modified_gmt":"2024-06-02T14:25:08","slug":"prag-euro-2024-silvinjo-kam-skuader-te-forte-jemi-gati","status":"publish","type":"post","link":"https:\/\/jugulajm.net\/?p=75305","title":{"rendered":"Prag-Euro 2024, Silvinjo: Kam skuad\u00ebr t\u00eb fort\u00eb, jemi gati"},"content":{"rendered":"<p>Trajneri i Komb\u00ebtares shqiptare, Silvinjo doli k\u00ebt\u00eb t\u00eb diel n\u00eb konferenc\u00eb zyrtare p\u00ebr media, n\u00eb prag t\u00eb ndeshjes miq\u00ebsore q\u00eb Shqip\u00ebria do t\u00eb zhvilloj\u00eb dit\u00ebn e nes\u00ebrme ndaj Lihtenshtajnit n\u00eb stadiumin \u201cHalad\u00e1s Sportkomplexum\u201d n\u00eb Hungari, n\u00eb ora 20:00.<\/p>\n<p>Trajneri Silvinjo foli p\u00ebr gjendjen e skuadr\u00ebs dhe theksoi se atmosfera \u00ebsht\u00eb shum\u00eb e mir\u00eb. Gjithashtu tekniku kuqezi tha se lojtar\u00ebt g\u00ebzojn\u00eb form\u00eb t\u00eb mir\u00eb fizike dhe se e r\u00ebnd\u00ebsishme \u00ebsht\u00eb q\u00eb t\u00eb gjith\u00eb t\u00eb japin maksimumin, p\u00ebr t\u2019u p\u00ebrgatitur sa m\u00eb mir\u00eb p\u00ebr finalet e Kampionatit Europian \u201cGjermani 2024\u201d.<\/p>\n<p><em>Gjendja e skuadr\u00ebs \u2013 K\u00ebtu \u00ebsht\u00eb nj\u00eb atmosfer\u00eb shum\u00eb e mir\u00eb. Donim q\u00eb k\u00ebt\u00eb grumbullim ta nisnim n\u00eb Tiran\u00eb, me q\u00ebllimin edhe p\u00ebr t\u00eb ndjer\u00eb pak atmosfer\u00ebn dhe entuziazmin e madh q\u00eb kan\u00eb njer\u00ebzit. Nisja p\u00ebr n\u00eb Austri ishte di\u00e7ka shum\u00eb e bukur. K\u00ebtu n\u00eb Austri jemi larg Shqip\u00ebris\u00eb, nj\u00eb ambient i mir\u00eb p\u00ebr t\u00eb punuar, p\u00ebr t\u2019u p\u00ebrgatitur sa m\u00eb mir\u00eb p\u00ebr Europianin. Kemi 3-4 dit\u00eb q\u00eb kemi nisur k\u00ebt\u00eb faz\u00eb p\u00ebrgatitore. Kemi lojtar\u00eb si Seferi, i cili luajti ndeshjen e fundit m\u00eb 29 maj dhe u bashkua me ekipin n\u00eb dit\u00ebn e par\u00eb t\u00eb grumbullimit n\u00eb Austri. Kemi Abrashin q\u00eb luajti m\u00eb 31 maj dhe mbr\u00ebm\u00eb u bashkua me grupin, nd\u00ebrsa Gjimshiti ka edhe nj\u00eb ndeshje dhe do bashkohet nes\u00ebr me ne. Po p\u00ebrgatitemi sa m\u00eb mir\u00eb p\u00ebr finalet, p\u00ebr Euro 2024. Kam par\u00eb te skuadra motivimin e duhur, karikimin e duhur. Ajo q\u00eb nuk mungon \u00ebsht\u00eb karikimi dhe motivimi te lojtar\u00ebt. Kjo \u00ebsht\u00eb di\u00e7ka shum\u00eb e bukur.<\/em><\/p>\n<p><em>Aspekti fizik \u2013\u00a0Do t\u00eb luajm\u00eb n\u00eb nj\u00eb turne q\u00eb \u00ebsht\u00eb i shpejt\u00eb, dinamik dhe ne do t\u00eb shkojm\u00eb n\u00eb k\u00ebt\u00eb drejtim. Sigurisht e dim\u00eb q\u00eb kemi lojtar\u00eb q\u00eb vijn\u00eb n\u00eb k\u00ebt\u00eb grumbullim n\u00eb situata t\u00eb ndryshme, n\u00eb lidhje edhe me aktivizimin q\u00eb kan\u00eb pasur me klubet. Kemi nisur p\u00ebrgatitjet prej kat\u00ebr dit\u00ebsh edhe p\u00ebr ato lojtar\u00eb q\u00eb kan\u00eb luajtur m\u00eb pak. E r\u00ebnd\u00ebsishme p\u00ebr stafin teknik \u00ebsht\u00eb q\u00eb t\u00eb menaxhoj\u00eb grupin. P\u00ebrsa i p\u00ebrket form\u00ebs fizike lojtar\u00ebt jan\u00eb n\u00eb gjendje t\u00eb\u00a0 mir\u00eb dhe do t\u00eb jen\u00eb gati p\u00ebr t\u00eb p\u00ebrballuar Europianin. Gjithashtu t\u00eb gjith\u00eb lotjar\u00ebt dhe grupi kan\u00eb karikimin e duhur dhe kjo \u00ebsht\u00eb shum\u00eb e r\u00ebnd\u00ebsishme. Duhet t\u00eb p\u00ebrgatisim lotjar\u00ebt sa m\u00eb mir\u00eb q\u00eb ato t\u00eb japin kontributin e duhur p\u00ebr ekipin. E r\u00ebnd\u00ebsishme \u00ebsht\u00eb q\u00eb n\u00eb momentin q\u00eb aktivizohen t\u00eb japin maksimumin n\u00eb fush\u00ebn e loj\u00ebs. Ne jemi t\u00eb bindur q\u00eb ata do t\u00eb japin m\u00eb t\u00eb mir\u00ebn n\u00eb k\u00ebt\u00eb eksperienc\u00eb.<\/em><\/p>\n<p><em>Lista e pritjes\u00a0\u2013 Sigurisht q\u00eb ka nj\u00eb list\u00eb pritjeje, sepse punojm\u00eb shum\u00eb p\u00ebr t\u00eb parashikuar \u00e7do situat\u00eb. Sigurisht q\u00eb nuk mund t\u2019i themi emrat.<\/em><\/p>\n<p><em>Sa e v\u00ebshtir\u00eb \u00ebsht\u00eb t\u00eb bind\u00ebsh nj\u00eb lojtar q\u00eb ta lini n\u00eb pankin\u00eb?\u00a0\u2013\u00a0Nuk \u00ebsht\u00eb aspak e v\u00ebshtir\u00eb. N\u00eb nj\u00eb turne t\u00eb till\u00eb nj\u00eb minut\u00eb mund t\u00eb b\u00ebj\u00eb diferenc\u00ebn. \u00c7do lojtar mund t\u00eb jap\u00eb kontributin e tij n\u00eb fush\u00ebn e loj\u00ebs, sepse shkojm\u00eb t\u00eb marrim pjes\u00eb n\u00eb nj\u00eb turne t\u00eb shpejt, shum\u00eb dinamik, \u00e7do lojtar mund t\u00eb b\u00ebj\u00eb diferenc\u00ebn. P\u00ebr mua, lojtari q\u00eb nuk e kupton k\u00ebt\u00eb situat\u00eb i bie q\u00eb t\u00eb mos jet\u00eb n\u00eb gjendje t\u00eb jet\u00eb n\u00eb fush\u00ebn e loj\u00ebs\u201d.<\/em><\/p>\n<p><em>Miq\u00ebsoret me Lihtenshtajnin dhe Azerbajxhanin\u00a0\u2013 Ideja ime \u00ebsht\u00eb q\u00eb t\u00eb hedhim n\u00eb fush\u00eb lojtar\u00ebt q\u00eb kan\u00eb luajtur m\u00eb pak. Dhe t\u00eb rikuperojm\u00eb ata q\u00eb kan\u00eb luajtur m\u00eb shum\u00eb me klubet e tyre.<\/em><\/p>\n<p><em>Lista paraprake \u2013\u00a0\u00c7dokush n\u00eb Shqip\u00ebri do t\u00eb b\u00ebnte nj\u00eb list\u00eb me zgjidhjet e tij. Sigurish q\u00eb edhe un\u00eb nuk do t\u00eb isha dakord, por ralisht nuk kam koh\u00eb t\u00eb shoh se \u00e7far\u00eb flitet n\u00eb publik. Un\u00eb duhet t\u00eb vija n\u00eb k\u00ebt\u00eb grumbullim me 27 lojtar\u00eb. Kam shum\u00eb ngarkes\u00eb dhe pun\u00eb p\u00ebr t\u00eb b\u00ebr\u00eb, nuk kam koh\u00eb t\u00eb ndjek debatet q\u00eb krijohen. I kam fal\u00ebnderuar t\u00eb gjith\u00eb p\u00ebr kontributin q\u00eb kan\u00eb dh\u00ebn\u00eb p\u00ebr Shqip\u00ebrin\u00eb dhe p\u00ebr k\u00ebt\u00eb pjes\u00ebmarrje n\u00eb Europian. Pjes\u00ebmarrja n\u00eb Europian \u00ebsht\u00eb nj\u00eb eksperienc\u00eb fantastike. Un\u00eb n\u00eb vitin 2018 kam marr\u00eb pjes\u00eb me Brazilin n\u00eb Kup\u00ebn e Bot\u00ebs dhe ishte di\u00e7ka shum\u00eb e bukur, t\u00eb jep shum\u00eb adrenalin\u00eb. Punojm\u00eb gjith\u00eb dit\u00ebn dhe \u00ebsht\u00eb e gjitha vet\u00ebm p\u00ebr t\u2019u shijuar. Duhet t\u00eb p\u00ebrgatisim lojtar\u00ebt dhe ekipin p\u00ebr t\u00eb qen\u00eb gati p\u00ebr Europian, por ndeshja e nes\u00ebrme nuk \u00ebsht\u00eb de\u00e7izive p\u00ebr zgjedhjet tona n\u00eb Europian.<\/em><\/p>\n<p><em>A do t\u2019u jepni nes\u00ebr nj\u00eb shans atyre q\u00eb kan\u00eb luajtur me klubet?\u00a0\u2013 Ne i p\u00ebrgatisim lojtar\u00ebt, p\u00ebrgatisim ekipin n\u00eb m\u00ebnyr\u00eb q\u00eb t\u00eb gjith\u00eb t\u00eb japin kontributin e tyre n\u00eb Europian, por nuk vendosim n\u00eb ndeshjen e nes\u00ebrme. Mund t\u00eb provojm\u00eb disa lojtar\u00eb q\u00eb nuk kan\u00eb luajtur shum\u00eb nes\u00ebr.<\/em><\/p>\n","protected":false},"excerpt":{"rendered":"<p>Trajneri i Komb\u00ebtares shqiptare, Silvinjo doli k\u00ebt\u00eb t\u00eb diel n\u00eb konferenc\u00eb zyrtare p\u00ebr media, n\u00eb prag t\u00eb ndeshjes miq\u00ebsore q\u00eb Shqip\u00ebria do t\u00eb zhvilloj\u00eb dit\u00ebn e nes\u00ebrme ndaj Lihtenshtajnit n\u00eb stadiumin \u201cHalad\u00e1s Sportkomplexum\u201d n\u00eb Hungari, n\u00eb ora 20:00. Trajneri Silvinjo foli p\u00ebr gjendjen e skuadr\u00ebs dhe theksoi se atmosfera \u00ebsht\u00eb shum\u00eb e mir\u00eb. Gjithashtu tekniku [&hellip;]<\/p>\n","protected":false},"author":5,"featured_media":66458,"comment_status":"closed","ping_status":"closed","sticky":false,"template":"","format":"standard","meta":{"footnotes":""},"categories":[6334,6332],"tags":[31372,31370,31371],"class_list":{"0":"post-75305","1":"post","2":"type-post","3":"status-publish","4":"format-standard","5":"has-post-thumbnail","7":"category-sport","8":"category-te-fundit","9":"tag-jemi-gati","10":"tag-prag-euro-2024","11":"tag-silvinjo-kam-skuader-te-forte"},"_links":{"self":[{"href":"https:\/\/jugulajm.net\/index.php?rest_route=\/wp\/v2\/posts\/75305","targetHints":{"allow":["GET"]}}],"collection":[{"href":"https:\/\/jugulajm.net\/index.php?rest_route=\/wp\/v2\/posts"}],"about":[{"href":"https:\/\/jugulajm.net\/index.php?rest_route=\/wp\/v2\/types\/post"}],"author":[{"embeddable":true,"href":"https:\/\/jugulajm.net\/index.php?rest_route=\/wp\/v2\/users\/5"}],"replies":[{"embeddable":true,"href":"https:\/\/jugulajm.net\/index.php?rest_route=%2Fwp%2Fv2%2Fcomments&post=75305"}],"version-history":[{"count":0,"href":"https:\/\/jugulajm.net\/index.php?rest_route=\/wp\/v2\/posts\/75305\/revisions"}],"wp:featuredmedia":[{"embeddable":true,"href":"https:\/\/jugulajm.net\/index.php?rest_route=\/wp\/v2\/media\/66458"}],"wp:attachment":[{"href":"https:\/\/jugulajm.net\/index.php?rest_route=%2Fwp%2Fv2%2Fmedia&parent=75305"}],"wp:term":[{"taxonomy":"category","embeddable":true,"href":"https:\/\/jugulajm.net\/index.php?rest_route=%2Fwp%2Fv2%2Fcategories&post=75305"},{"taxonomy":"post_tag","embeddable":true,"href":"https:\/\/jugulajm.net\/index.php?rest_route=%2Fwp%2Fv2%2Ftags&post=75305"}],"curies":[{"name":"wp","href":"https:\/\/api.w.org\/{rel}","templated":true}]}}