{"id":75225,"date":"2024-05-31T12:24:45","date_gmt":"2024-05-31T10:24:45","guid":{"rendered":"https:\/\/jugulajm.net\/?p=75225"},"modified":"2024-05-31T12:24:45","modified_gmt":"2024-05-31T10:24:45","slug":"emri-foto-arrestohet-48-vjecari-shqiptar-ne-belgjike-ja-akuzat-ndaj-tij","status":"publish","type":"post","link":"https:\/\/jugulajm.net\/?p=75225","title":{"rendered":"EMRI-FOTO\/ Arrestohet 48 vje\u00e7ari shqiptar n\u00eb Belgjik\u00eb, ja akuzat ndaj tij&#8230;"},"content":{"rendered":"<p>I shum\u00ebk\u00ebrkuari shqiptar q\u00eb hiqej si grek\u2026 Ilir Pere, 48 vje\u00e7, i lindur n\u00eb Gramsh kishte marr\u00eb identitetin e nj\u00eb personi nga Peloponezi i Greqis\u00eb, at\u00eb t\u00eb Nikolaos Liarakos. Dhe me k\u00ebt\u00eb identitet bridhte bot\u00ebn p\u00ebr t\u00eb trafikuar drog\u00eb e p\u00ebr t\u00eb shitur arm\u00eb.<\/p>\n<p>Hetuesit italian\u00eb e gjet\u00ebn n\u00eb Belgjik\u00eb. Fal\u00eb nj\u00eb pun\u00eb t\u00eb mb\u00ebshtetur kryesisht n\u00eb inteligjenc\u00ebn policore, ai ndodhet aktualisht i arrestuar n\u00eb Liezh. Prokurori i Catanzaro-s n\u00eb Itali, Vincenzo Capomolla, s\u00eb bashku me Giancarlo Novelli dhe prokurorin e Antimafias Stefania Paparazzo, shkuan p\u00ebr ta marr\u00eb n\u00eb pyetje n\u00eb zem\u00ebr t\u00eb kontinentit t\u00eb vjet\u00ebr.<\/p>\n<p>Ilir Pere duhet t\u00eb vuaj\u00eb nj\u00eb d\u00ebnim p\u00ebrfundimtar n\u00eb Itali, prej 28 vitesh burg dhe rezulton n\u00ebn hetim nga prokuroria e Catanzaro n\u00eb operacionin e koduar \u201cGentleman 2\u201d q\u00eb rind\u00ebrton prapaskenat e narkotrafikut t\u00eb v\u00ebn\u00eb n\u00eb jet\u00eb mes Sibaritide (provinc\u00eb e Cosenza-s) dhe Gjermanis\u00eb.<\/p>\n<p>Sipas asaj q\u00eb raportojn\u00eb mediat fqinje, i shum\u00ebk\u00ebrkuari shqiptar p\u00ebr hetuesit italian\u00eb ka pranuar se \u00ebsht\u00eb Ilir Pere dhe jo Nikolaos Liarakos. Ka pranuar po ashtu se ka p\u00ebrdorur p\u00ebr nj\u00eb koh\u00eb t\u00eb gjat\u00eb telefonat e enkriptuar dhe platform\u00ebn \u201cSky ECC\u201d p\u00ebr t\u00eb komunikuar me bashk\u00ebpun\u00ebtor\u00ebt e tij n\u00eb Itali, por duke mohuar se ka pasur nj\u00eb rol dometh\u00ebn\u00ebs n\u00eb bot\u00ebn e narkotrafikut.<\/p>\n<p>Po ashtu, ka pranuar se ka bler\u00eb arm\u00eb t\u00eb fuqishme, por vet\u00ebm sepse donte t\u00eb hakmerrej p\u00ebr vdekjen e v\u00ebllait, q\u00eb rezulton i vrar\u00eb e i djegur nga shqiptar\u00eb t\u00eb tjer\u00eb. Sa i p\u00ebrket telefonave t\u00eb enkriptuar, ka shpjeguar se \u00ebsht\u00eb e mundur t\u2019i blesh n\u00ebp\u00ebrmjet furnizuesve turq e pakistanez\u00eb, me an\u00eb t\u00eb rekomandimit t\u00eb personave t\u00eb duhur.<br \/>\nMe hetuesit italian\u00eb m\u00ebsohet se Pere preferoi t\u00eb fliste n\u00eb italisht dhe jo n\u00eb shqip. Ilir Pere nuk \u00ebsht\u00eb em\u00ebr i panjohur n\u00eb fakt si n\u00eb Itali ashtu sikurse edhe n\u00eb Shqip\u00ebri. N\u00eb vitin 2016, s\u00eb bashku me dy shqiptar\u00eb t\u00eb tjer\u00eb, Tesi Basho dhe Mikel Hasanbelliu, u arratis\u00ebn nga burgu i Rebibbia, n\u00eb Rom\u00eb.<\/p>\n<p>Basho vuante d\u00ebnimin p\u00ebr vrasje, nd\u00ebrsa Hasanbelliu p\u00ebr shfryt\u00ebzim prostitucioni. Arratisjen e realizuan duke prer\u00eb hekurat e dritares s\u00eb qelis\u00eb me sharr\u00eb, e m\u00eb pas zbrit\u00ebn me \u00e7ar\u00e7af\u00ebt e improvizuar si litar.<\/p>\n","protected":false},"excerpt":{"rendered":"<p>I shum\u00ebk\u00ebrkuari shqiptar q\u00eb hiqej si grek\u2026 Ilir Pere, 48 vje\u00e7, i lindur n\u00eb Gramsh kishte marr\u00eb identitetin e nj\u00eb personi nga Peloponezi i Greqis\u00eb, at\u00eb t\u00eb Nikolaos Liarakos. Dhe me k\u00ebt\u00eb identitet bridhte bot\u00ebn p\u00ebr t\u00eb trafikuar drog\u00eb e p\u00ebr t\u00eb shitur arm\u00eb. Hetuesit italian\u00eb e gjet\u00ebn n\u00eb Belgjik\u00eb. Fal\u00eb nj\u00eb pun\u00eb t\u00eb mb\u00ebshtetur [&hellip;]<\/p>\n","protected":false},"author":5,"featured_media":75226,"comment_status":"closed","ping_status":"closed","sticky":false,"template":"","format":"standard","meta":{"footnotes":""},"categories":[1,7664,6332],"tags":[31324,27108],"class_list":{"0":"post-75225","1":"post","2":"type-post","3":"status-publish","4":"format-standard","5":"has-post-thumbnail","7":"category-aktualitet","8":"category-bota","9":"category-te-fundit","10":"tag-emri-foto-arrestohet-48-vjecari-shqiptar-ne-belgjike","11":"tag-ja-akuzat-ndaj-tij"},"_links":{"self":[{"href":"https:\/\/jugulajm.net\/index.php?rest_route=\/wp\/v2\/posts\/75225","targetHints":{"allow":["GET"]}}],"collection":[{"href":"https:\/\/jugulajm.net\/index.php?rest_route=\/wp\/v2\/posts"}],"about":[{"href":"https:\/\/jugulajm.net\/index.php?rest_route=\/wp\/v2\/types\/post"}],"author":[{"embeddable":true,"href":"https:\/\/jugulajm.net\/index.php?rest_route=\/wp\/v2\/users\/5"}],"replies":[{"embeddable":true,"href":"https:\/\/jugulajm.net\/index.php?rest_route=%2Fwp%2Fv2%2Fcomments&post=75225"}],"version-history":[{"count":0,"href":"https:\/\/jugulajm.net\/index.php?rest_route=\/wp\/v2\/posts\/75225\/revisions"}],"wp:featuredmedia":[{"embeddable":true,"href":"https:\/\/jugulajm.net\/index.php?rest_route=\/wp\/v2\/media\/75226"}],"wp:attachment":[{"href":"https:\/\/jugulajm.net\/index.php?rest_route=%2Fwp%2Fv2%2Fmedia&parent=75225"}],"wp:term":[{"taxonomy":"category","embeddable":true,"href":"https:\/\/jugulajm.net\/index.php?rest_route=%2Fwp%2Fv2%2Fcategories&post=75225"},{"taxonomy":"post_tag","embeddable":true,"href":"https:\/\/jugulajm.net\/index.php?rest_route=%2Fwp%2Fv2%2Ftags&post=75225"}],"curies":[{"name":"wp","href":"https:\/\/api.w.org\/{rel}","templated":true}]}}