{"id":75211,"date":"2024-05-30T21:04:20","date_gmt":"2024-05-30T19:04:20","guid":{"rendered":"https:\/\/jugulajm.net\/?p=75211"},"modified":"2024-05-30T21:04:20","modified_gmt":"2024-05-30T19:04:20","slug":"emri-foto-kengetarja-shqiptare-nderohet-nga-bashkia-e-new-york-ut-ja-arsyeja","status":"publish","type":"post","link":"https:\/\/jugulajm.net\/?p=75211","title":{"rendered":"EMRI-FOTO\/ K\u00ebng\u00ebtarja shqiptare nderohet nga Bashkia e New York-ut, ja arsyeja&#8230;"},"content":{"rendered":"<p>K\u00ebng\u00ebtarja me origjin\u00eb shqiptare, Enisa Nikaj, \u00ebsht\u00eb nderuar nga K\u00ebshilli Bashkiak n\u00eb New York p\u00ebr kontributin q\u00eb ajo i ka dh\u00ebn\u00eb qytetit.<\/p>\n<p>K\u00ebng\u00ebtarja jeton dhe punon prej vitesh s\u00eb bashku me familjen e saj n\u00eb New York.<\/p>\n<p>Enisa e ka ndar\u00eb lajmin e bukur me fansat e saj n\u00eb rrjetet sociale \u201cInstagram\u201d p\u00ebrmes nj\u00eb postimi ku shkruan se \u00ebsht\u00eb falenderuese ndaj vendit ku lindi dhe u rrit.<\/p>\n<p>Gjithashtu falenderon edhe prind\u00ebrit e saj t\u00eb cil\u00ebt me v\u00ebshtir\u00ebsi lan\u00eb vendin e tyre p\u00ebr nj\u00eb t\u00eb ardhme m\u00eb t\u00eb mir\u00eb p\u00ebr f\u00ebmij\u00ebt, por q\u00eb iu kujtuan gjithmon\u00eb rr\u00ebnj\u00ebt e tyre shqiptare.<\/p>\n<p>\u201cPrind\u00ebrit e mi erdh\u00ebn n\u00eb Amerik\u00eb nga nj\u00eb qytet shqiptar n\u00eb Mal t\u00eb Zi pa asnj\u00eb em\u00ebr. Edhe pse jam lindur dhe rritur n\u00eb New York, ata gjithmon\u00eb jan\u00eb kujdesur q\u00eb t\u00eb mos harroj kurr\u00eb kultur\u00ebn ton\u00eb, rr\u00ebnj\u00ebt shqiptare q\u00eb na b\u00ebn\u00eb n\u00eb Tuzi Mali Zi bota, \u00ebsht\u00eb di\u00e7ka e mahnitshme.<\/p>\n<p>Faleminderit K\u00ebshillit Bashkiak p\u00ebr nderin! Shqiptaro-malazez\u00ebt n\u00eb mbar\u00eb bot\u00ebn krenar\u00eb q\u00eb jan\u00eb nd\u00ebr t\u00eb par\u00ebt q\u00eb hapin rrug\u00ebn p\u00ebr brezin e ardhsh\u00ebm\u201d\u2013 ka shkruar ajo.<\/p>\n","protected":false},"excerpt":{"rendered":"<p>K\u00ebng\u00ebtarja me origjin\u00eb shqiptare, Enisa Nikaj, \u00ebsht\u00eb nderuar nga K\u00ebshilli Bashkiak n\u00eb New York p\u00ebr kontributin q\u00eb ajo i ka dh\u00ebn\u00eb qytetit. K\u00ebng\u00ebtarja jeton dhe punon prej vitesh s\u00eb bashku me familjen e saj n\u00eb New York. Enisa e ka ndar\u00eb lajmin e bukur me fansat e saj n\u00eb rrjetet sociale \u201cInstagram\u201d p\u00ebrmes nj\u00eb postimi [&hellip;]<\/p>\n","protected":false},"author":5,"featured_media":75212,"comment_status":"closed","ping_status":"closed","sticky":false,"template":"","format":"standard","meta":{"footnotes":""},"categories":[7665,7664,6332],"tags":[31319,20856],"class_list":{"0":"post-75211","1":"post","2":"type-post","3":"status-publish","4":"format-standard","5":"has-post-thumbnail","7":"category-art","8":"category-bota","9":"category-te-fundit","10":"tag-emri-foto-kengetarja-shqiptare-nderohet-nga-bashkia-e-new-york-ut","11":"tag-ja-arsyeja"},"_links":{"self":[{"href":"https:\/\/jugulajm.net\/index.php?rest_route=\/wp\/v2\/posts\/75211","targetHints":{"allow":["GET"]}}],"collection":[{"href":"https:\/\/jugulajm.net\/index.php?rest_route=\/wp\/v2\/posts"}],"about":[{"href":"https:\/\/jugulajm.net\/index.php?rest_route=\/wp\/v2\/types\/post"}],"author":[{"embeddable":true,"href":"https:\/\/jugulajm.net\/index.php?rest_route=\/wp\/v2\/users\/5"}],"replies":[{"embeddable":true,"href":"https:\/\/jugulajm.net\/index.php?rest_route=%2Fwp%2Fv2%2Fcomments&post=75211"}],"version-history":[{"count":0,"href":"https:\/\/jugulajm.net\/index.php?rest_route=\/wp\/v2\/posts\/75211\/revisions"}],"wp:featuredmedia":[{"embeddable":true,"href":"https:\/\/jugulajm.net\/index.php?rest_route=\/wp\/v2\/media\/75212"}],"wp:attachment":[{"href":"https:\/\/jugulajm.net\/index.php?rest_route=%2Fwp%2Fv2%2Fmedia&parent=75211"}],"wp:term":[{"taxonomy":"category","embeddable":true,"href":"https:\/\/jugulajm.net\/index.php?rest_route=%2Fwp%2Fv2%2Fcategories&post=75211"},{"taxonomy":"post_tag","embeddable":true,"href":"https:\/\/jugulajm.net\/index.php?rest_route=%2Fwp%2Fv2%2Ftags&post=75211"}],"curies":[{"name":"wp","href":"https:\/\/api.w.org\/{rel}","templated":true}]}}