{"id":75141,"date":"2024-05-29T10:28:29","date_gmt":"2024-05-29T08:28:29","guid":{"rendered":"https:\/\/jugulajm.net\/?p=75141"},"modified":"2024-05-29T10:28:55","modified_gmt":"2024-05-29T08:28:55","slug":"emri-foto-dhunohet-avokati-i-berishes-ja-detajet","status":"publish","type":"post","link":"https:\/\/jugulajm.net\/?p=75141","title":{"rendered":"EMRI-FOTO\/ Dhunohet avokati i Berish\u00ebs, ja detajet&#8230;"},"content":{"rendered":"<p>Avokati i ish-kryeministrit, Sali Berisha, Sokol M\u00ebngjesi, \u00ebsht\u00eb goditur sot nga persona t\u00eb paidentifikuar.<\/p>\n<p>Ngjarja m\u00ebsohet t\u00eb ket\u00eb ndodhur n\u00eb zon\u00ebn e ish-Bllokut n\u00eb Tiran\u00eb.<\/p>\n<p>M\u00ebngjesi\u00a0\u00ebsht\u00eb d\u00ebrguar menj\u00ebher\u00eb n\u00eb spital p\u00ebr dh\u00ebnien e ndihm\u00ebs mjek\u00ebsore dhe ndodhet n\u00ebn kujdesin e mjek\u00ebve. Po ashtu m\u00ebsohet se gjendja e tij sh\u00ebndet\u00ebsore \u00ebsht\u00eb normale.<\/p>\n<p>Nga ana tjet\u00ebr dyshohet se ishin 3 persona q\u00eb kan\u00eb marr\u00eb pjes\u00eb n\u00eb sulmin ndaj avokatit M\u00ebngjesit. Gjithashtu m\u00ebsohet se policia ka sekuestruar kamerat e siguris\u00eb p\u00ebr identifikimin e autor\u00ebve.<\/p>\n<p><em>\u201cSot, rreth or\u00ebs 08:50, n\u00eb zon\u00ebn e ish-Bllokut n\u00eb Tiran\u00eb, persona ende t\u00eb paidentifikuar kan\u00eb goditur shtetasin S. M., me profesion avokat. I d\u00ebmtuari \u00ebsht\u00eb d\u00ebrguar menj\u00ebher\u00eb n\u00eb spital p\u00ebr dh\u00ebnien e ndihm\u00ebs mjek\u00ebsore dhe ndodhet n\u00ebn kujdesin e mjek\u00ebve. Gjendja e tij sh\u00ebndet\u00ebsore \u00ebsht\u00eb e stabilizuar. Drejtoria Vendore e Policis\u00eb Tiran\u00eb dhe strukturat e Policis\u00eb s\u00eb Shtetit jan\u00eb angazhuar p\u00ebr identifikimin dhe kapjen e autor\u00ebve\u201d,<\/em> thuhet n\u00eb njoftimin e policis\u00eb.<\/p>\n","protected":false},"excerpt":{"rendered":"<p>Avokati i ish-kryeministrit, Sali Berisha, Sokol M\u00ebngjesi, \u00ebsht\u00eb goditur sot nga persona t\u00eb paidentifikuar. Ngjarja m\u00ebsohet t\u00eb ket\u00eb ndodhur n\u00eb zon\u00ebn e ish-Bllokut n\u00eb Tiran\u00eb. M\u00ebngjesi\u00a0\u00ebsht\u00eb d\u00ebrguar menj\u00ebher\u00eb n\u00eb spital p\u00ebr dh\u00ebnien e ndihm\u00ebs mjek\u00ebsore dhe ndodhet n\u00ebn kujdesin e mjek\u00ebve. Po ashtu m\u00ebsohet se gjendja e tij sh\u00ebndet\u00ebsore \u00ebsht\u00eb normale. Nga ana tjet\u00ebr dyshohet [&hellip;]<\/p>\n","protected":false},"author":5,"featured_media":75142,"comment_status":"closed","ping_status":"closed","sticky":false,"template":"","format":"standard","meta":{"footnotes":""},"categories":[1,6332,29228],"tags":[31288,21500],"class_list":{"0":"post-75141","1":"post","2":"type-post","3":"status-publish","4":"format-standard","5":"has-post-thumbnail","7":"category-aktualitet","8":"category-te-fundit","9":"category-vendi","10":"tag-emri-foto-dhunohet-avokati-i-berishes","11":"tag-ja-detajet"},"_links":{"self":[{"href":"https:\/\/jugulajm.net\/index.php?rest_route=\/wp\/v2\/posts\/75141","targetHints":{"allow":["GET"]}}],"collection":[{"href":"https:\/\/jugulajm.net\/index.php?rest_route=\/wp\/v2\/posts"}],"about":[{"href":"https:\/\/jugulajm.net\/index.php?rest_route=\/wp\/v2\/types\/post"}],"author":[{"embeddable":true,"href":"https:\/\/jugulajm.net\/index.php?rest_route=\/wp\/v2\/users\/5"}],"replies":[{"embeddable":true,"href":"https:\/\/jugulajm.net\/index.php?rest_route=%2Fwp%2Fv2%2Fcomments&post=75141"}],"version-history":[{"count":0,"href":"https:\/\/jugulajm.net\/index.php?rest_route=\/wp\/v2\/posts\/75141\/revisions"}],"wp:featuredmedia":[{"embeddable":true,"href":"https:\/\/jugulajm.net\/index.php?rest_route=\/wp\/v2\/media\/75142"}],"wp:attachment":[{"href":"https:\/\/jugulajm.net\/index.php?rest_route=%2Fwp%2Fv2%2Fmedia&parent=75141"}],"wp:term":[{"taxonomy":"category","embeddable":true,"href":"https:\/\/jugulajm.net\/index.php?rest_route=%2Fwp%2Fv2%2Fcategories&post=75141"},{"taxonomy":"post_tag","embeddable":true,"href":"https:\/\/jugulajm.net\/index.php?rest_route=%2Fwp%2Fv2%2Ftags&post=75141"}],"curies":[{"name":"wp","href":"https:\/\/api.w.org\/{rel}","templated":true}]}}