{"id":75067,"date":"2024-05-27T08:57:16","date_gmt":"2024-05-27T06:57:16","guid":{"rendered":"https:\/\/jugulajm.net\/?p=75067"},"modified":"2024-05-27T08:57:16","modified_gmt":"2024-05-27T06:57:16","slug":"foto-moti-per-te-gjithe-javen-2","status":"publish","type":"post","link":"https:\/\/jugulajm.net\/?p=75067","title":{"rendered":"FOTO\/ Moti p\u00ebr t\u00eb gjith\u00eb jav\u00ebn&#8230;"},"content":{"rendered":"<p>P\u00ebr jav\u00ebn q\u00eb presim p\u00ebrpara vendi yn\u00eb do t\u00eb jet\u00eb n\u00eb ndikim t\u00eb kushteve atmosferike t\u00eb paq\u00ebndrueshme deri dit\u00ebn e enjte.<\/p>\n<p>Dita e h\u00ebn\u00eb parashikohet t\u00eb jet\u00eb me vran\u00ebsira dhe reshje shiu t\u00eb cilat do t\u00eb jen\u00eb fillimit p\u00ebrgjat\u00eb vij\u00ebs bregdetare dhe n\u00eb or\u00ebt e mesdit\u00ebs do te shtrihen edhe n\u00eb pjes\u00ebn tjetr\u00eb t\u00eb vendit. Hera-her\u00ebs reshjet pritet t\u00eb jen\u00eb n\u00eb form\u00ebn e shtr\u00ebngatave afatshkurtra.<\/p>\n<p>Dita e mart\u00eb parashikohet t\u00eb jet\u00eb me kthjellime dhe vran\u00ebsira n\u00eb zhvillim. N\u00eb or\u00ebt e mesdit\u00ebs dhe pasdites p\u00ebrgjat\u00eb ult\u00ebsir\u00ebs per\u00ebndimore dhe zonave malore vran\u00ebsirat do t\u00eb shoq\u00ebrohen me reshje shiu me intensitet t\u00eb ul\u00ebt, lokalisht mesatar, n\u00eb intervale t\u00eb shkurtra kohore reshje shiu n\u00eb form\u00ebn e shtr\u00ebngatave.<\/p>\n<p>Dita e m\u00ebrkur\u00eb parashikohet t\u00eb jet\u00eb me vran\u00ebsira dhe intervale kthjellimesh. Reshje shiu q\u00eb n\u00eb or\u00ebt e para t\u00eb m\u00ebngjesit p\u00ebrgjat\u00eb vij\u00ebs bregdetare, gradualisht pas or\u00ebve t\u00eb mesdit\u00ebs reshjet e shiut do t\u00eb shtrihen n\u00eb pjes\u00ebn m\u00eb t\u00eb madhe t\u00eb vendit. Hera-her\u00ebs reshjet pritet t\u00eb jen\u00eb n\u00eb form\u00ebn e shtr\u00ebngatave afatshkurtra.<\/p>\n<p>Diat e enjte parashikohet t\u00eb jet\u00eb me kthjellime dhe vran\u00ebsira n\u00eb zhvillim, t\u00eb cilat p\u00ebrgjat\u00eb relieveve malore t\u00eb vendit n\u00eb or\u00ebt e mesdit\u00ebs dhe pasdites do t\u00eb pasohen nga reshje shiu.<\/p>\n<p>Dita e premte parashikohet t\u00eb ket\u00eb mot me kthjellime dhe vran\u00ebsira kalimtare.<\/p>\n<p><img decoding=\"async\" src=\"https:\/\/media.cna.al\/cna.al\/media3\/-640-0-1716757744x445013966-864999065624810-4258345479694354737-n-740.jpg\" alt=\"Vran\u00ebsira dhe reshje shiu\/ Parashikimi i motit p\u00ebr jav\u00ebn\" width=\"100%\" data-size=\"x\" data-id=\"430036\" \/><\/p>\n","protected":false},"excerpt":{"rendered":"<p>P\u00ebr jav\u00ebn q\u00eb presim p\u00ebrpara vendi yn\u00eb do t\u00eb jet\u00eb n\u00eb ndikim t\u00eb kushteve atmosferike t\u00eb paq\u00ebndrueshme deri dit\u00ebn e enjte. Dita e h\u00ebn\u00eb parashikohet t\u00eb jet\u00eb me vran\u00ebsira dhe reshje shiu t\u00eb cilat do t\u00eb jen\u00eb fillimit p\u00ebrgjat\u00eb vij\u00ebs bregdetare dhe n\u00eb or\u00ebt e mesdit\u00ebs do te shtrihen edhe n\u00eb pjes\u00ebn tjetr\u00eb t\u00eb vendit. [&hellip;]<\/p>\n","protected":false},"author":5,"featured_media":55361,"comment_status":"closed","ping_status":"closed","sticky":false,"template":"","format":"standard","meta":{"footnotes":""},"categories":[7650,6332,29228],"tags":[30642],"class_list":{"0":"post-75067","1":"post","2":"type-post","3":"status-publish","4":"format-standard","5":"has-post-thumbnail","7":"category-moti","8":"category-te-fundit","9":"category-vendi","10":"tag-foto-moti-per-te-gjithe-javen"},"_links":{"self":[{"href":"https:\/\/jugulajm.net\/index.php?rest_route=\/wp\/v2\/posts\/75067","targetHints":{"allow":["GET"]}}],"collection":[{"href":"https:\/\/jugulajm.net\/index.php?rest_route=\/wp\/v2\/posts"}],"about":[{"href":"https:\/\/jugulajm.net\/index.php?rest_route=\/wp\/v2\/types\/post"}],"author":[{"embeddable":true,"href":"https:\/\/jugulajm.net\/index.php?rest_route=\/wp\/v2\/users\/5"}],"replies":[{"embeddable":true,"href":"https:\/\/jugulajm.net\/index.php?rest_route=%2Fwp%2Fv2%2Fcomments&post=75067"}],"version-history":[{"count":0,"href":"https:\/\/jugulajm.net\/index.php?rest_route=\/wp\/v2\/posts\/75067\/revisions"}],"wp:featuredmedia":[{"embeddable":true,"href":"https:\/\/jugulajm.net\/index.php?rest_route=\/wp\/v2\/media\/55361"}],"wp:attachment":[{"href":"https:\/\/jugulajm.net\/index.php?rest_route=%2Fwp%2Fv2%2Fmedia&parent=75067"}],"wp:term":[{"taxonomy":"category","embeddable":true,"href":"https:\/\/jugulajm.net\/index.php?rest_route=%2Fwp%2Fv2%2Fcategories&post=75067"},{"taxonomy":"post_tag","embeddable":true,"href":"https:\/\/jugulajm.net\/index.php?rest_route=%2Fwp%2Fv2%2Ftags&post=75067"}],"curies":[{"name":"wp","href":"https:\/\/api.w.org\/{rel}","templated":true}]}}