{"id":75047,"date":"2024-05-26T13:49:28","date_gmt":"2024-05-26T11:49:28","guid":{"rendered":"https:\/\/jugulajm.net\/?p=75047"},"modified":"2024-05-26T13:49:28","modified_gmt":"2024-05-26T11:49:28","slug":"rama-ne-itali-ju-shqiptaret-e-italise-nuk-i-nderruat-emrat-si-ne-greqi","status":"publish","type":"post","link":"https:\/\/jugulajm.net\/?p=75047","title":{"rendered":"Rama n\u00eb Itali: Ju shqiptar\u00ebt e Italis\u00eb nuk i nd\u00ebrruat emrat si n\u00eb Greqi"},"content":{"rendered":"<p>Kryeministri Edi Rama \u00ebsht\u00eb shprehur se shqiptar\u00ebt e Italis\u00eb nuk i ndryshuan emrat masivisht si\u00e7 ndodhi me shqiptar\u00ebt e Greqis\u00eb, q\u00eb sipas tij \u00ebsht\u00eb nj\u00eb njoll\u00eb turpi.<\/p>\n<p>Komentet Rama i b\u00ebri gjat\u00eb takimit t\u00eb tij me bashk\u00ebatdhetar\u00ebt shqiptar\u00eb n\u00eb Milano.<\/p>\n<p>Rama tha se megjith\u00ebse shqiptar\u00ebt e Italis\u00eb nuk u p\u00ebrball\u00ebn me t\u00eb nj\u00ebjt\u00ebn situat\u00eb me ata t\u00eb Greqis\u00eb, s\u00ebrish sipas tij, ata kan\u00eb p\u00ebrjetuar vuajtje t\u00eb shumta gjat\u00eb viteve t\u00eb para t\u00eb emigracionit.<\/p>\n<p>\u201cItalia e koh\u00ebs fatmir\u00ebsisht nuk ishte Greqia e asaj kohe. Jo vet\u00ebm populli italian nj\u00ebsoj si populli grek u hapi der\u00ebn bujarisht shqiptar\u00ebve duke i ndihmuar t\u00eb ngriheshin mbi k\u00ebmb\u00ebt e tyre, por edhe qeverit\u00eb italiane megjith\u00ebse tejet t\u00eb trembura nga fenomeni i saposhfaqur i migrimit masiv u soll\u00ebn me Shqip\u00ebrin\u00eb n\u00eb nj\u00eb tjet\u00ebr form\u00eb.<\/p>\n<p>Ju shqiptar\u00ebt e Italis\u00eb nuk i nd\u00ebrruat emrat forc\u00ebrisht si\u00e7 i ndodhi n\u00eb Greqi.<\/p>\n<p>P\u00ebr nj\u00eb arsye t\u00eb v\u00ebrtet\u00eb e t\u00eb lemeritshme q\u00eb t\u00eb gjith\u00eb e dim\u00eb dhe q\u00eb do t\u00eb mbetet njoll\u00eb turpi n\u00eb historin\u00eb demokratike t\u00eb Europ\u00ebs.<\/p>\n<p>Por nuk ishin t\u00eb pakta rastet kur e mor\u00ebt p\u00ebrsip\u00ebr vullnetarisht k\u00ebt\u00eb ndryshim t\u00eb identitetit pas asaj zileje p\u00ebrndjek\u00ebse e \u2018e stato albanese\u2019\u201d, tha Rama.<\/p>\n","protected":false},"excerpt":{"rendered":"<p>Kryeministri Edi Rama \u00ebsht\u00eb shprehur se shqiptar\u00ebt e Italis\u00eb nuk i ndryshuan emrat masivisht si\u00e7 ndodhi me shqiptar\u00ebt e Greqis\u00eb, q\u00eb sipas tij \u00ebsht\u00eb nj\u00eb njoll\u00eb turpi. Komentet Rama i b\u00ebri gjat\u00eb takimit t\u00eb tij me bashk\u00ebatdhetar\u00ebt shqiptar\u00eb n\u00eb Milano. Rama tha se megjith\u00ebse shqiptar\u00ebt e Italis\u00eb nuk u p\u00ebrball\u00ebn me t\u00eb nj\u00ebjt\u00ebn situat\u00eb me [&hellip;]<\/p>\n","protected":false},"author":5,"featured_media":75048,"comment_status":"closed","ping_status":"closed","sticky":false,"template":"","format":"standard","meta":{"footnotes":""},"categories":[1,6332],"tags":[31245],"class_list":{"0":"post-75047","1":"post","2":"type-post","3":"status-publish","4":"format-standard","5":"has-post-thumbnail","7":"category-aktualitet","8":"category-te-fundit","9":"tag-rama-ne-itali-ju-shqiptaret-e-italise-nuk-i-nderruat-emrat-si-ne-greqi"},"_links":{"self":[{"href":"https:\/\/jugulajm.net\/index.php?rest_route=\/wp\/v2\/posts\/75047","targetHints":{"allow":["GET"]}}],"collection":[{"href":"https:\/\/jugulajm.net\/index.php?rest_route=\/wp\/v2\/posts"}],"about":[{"href":"https:\/\/jugulajm.net\/index.php?rest_route=\/wp\/v2\/types\/post"}],"author":[{"embeddable":true,"href":"https:\/\/jugulajm.net\/index.php?rest_route=\/wp\/v2\/users\/5"}],"replies":[{"embeddable":true,"href":"https:\/\/jugulajm.net\/index.php?rest_route=%2Fwp%2Fv2%2Fcomments&post=75047"}],"version-history":[{"count":0,"href":"https:\/\/jugulajm.net\/index.php?rest_route=\/wp\/v2\/posts\/75047\/revisions"}],"wp:featuredmedia":[{"embeddable":true,"href":"https:\/\/jugulajm.net\/index.php?rest_route=\/wp\/v2\/media\/75048"}],"wp:attachment":[{"href":"https:\/\/jugulajm.net\/index.php?rest_route=%2Fwp%2Fv2%2Fmedia&parent=75047"}],"wp:term":[{"taxonomy":"category","embeddable":true,"href":"https:\/\/jugulajm.net\/index.php?rest_route=%2Fwp%2Fv2%2Fcategories&post=75047"},{"taxonomy":"post_tag","embeddable":true,"href":"https:\/\/jugulajm.net\/index.php?rest_route=%2Fwp%2Fv2%2Ftags&post=75047"}],"curies":[{"name":"wp","href":"https:\/\/api.w.org\/{rel}","templated":true}]}}