{"id":74945,"date":"2024-05-23T16:38:38","date_gmt":"2024-05-23T14:38:38","guid":{"rendered":"https:\/\/jugulajm.net\/?p=74945"},"modified":"2024-05-23T16:38:38","modified_gmt":"2024-05-23T14:38:38","slug":"foto-3-cikliste-perplasen-ne-rrugen-kuc-qeparo-dergohen-ne-spital","status":"publish","type":"post","link":"https:\/\/jugulajm.net\/?p=74945","title":{"rendered":"FOTO\/ 3 \u00e7iklist\u00eb p\u00ebrplasen n\u00eb rrug\u00ebn Ku\u00e7-Qeparo, d\u00ebrgohen n\u00eb spital"},"content":{"rendered":"<p>Turi \u00e7iklistik i Shqip\u00ebris\u00eb \u00ebsht\u00eb shoq\u00ebruar me incidente.<\/p>\n<p>M\u00ebsohet se 3 prej \u00e7iklist\u00ebve jan\u00eb p\u00ebrplasur n\u00eb aksin Ku\u00e7 \u2013 Qeparo dhe jan\u00eb d\u00ebrguar n\u00eb spital p\u00ebr ndihm\u00eb mjek\u00ebsore.<\/p>\n<p><em>\u201cRreth or\u00ebs 14:40, n\u00eb aksin rrugor Ku\u00e7-Qeparo, gjat\u00eb itinerarit t\u00eb gar\u00ebs t\u00eb etap\u00ebs s\u00eb kat\u00ebrt t\u00eb Turit t\u00eb 81-t\u00eb \u00c7iklistik t\u00eb Shqip\u00ebris\u00eb, 3 prej \u00e7iklist\u00ebve dyshohen se kan\u00eb humbur kontrollin mbi drejtimin e bi\u00e7ikletave dhe si pasoj\u00eb kan\u00eb dal\u00eb nga rruga. T\u00eb tre \u00e7iklist\u00ebt jan\u00eb transportuar n\u00eb spital p\u00ebr ndihm\u00eb mjek\u00ebsore\u201d, thuhet n\u00eb njoftimin e policis\u00eb.<\/em><\/p>\n<p>Etepa e kat\u00ebrt n\u00eb edicionin e 81-t\u00eb, p\u00ebrfshin itinerarin Vlor\u00eb- Himar\u00eb \u2013 Llogara. Edicioni startoi me dat\u00eb 20 t\u00eb k\u00ebtij muaji nga Sheshi \u2018Sk\u00ebnd\u00ebrbej\u2019 n\u00eb Tiran\u00eb, nd\u00ebrsa etapa e pest\u00eb dhe e fundit e cila starton nes\u00ebr n\u00eb or\u00ebn 10:00 nga Vlora p\u00ebr n\u00eb Fier.<\/p>\n","protected":false},"excerpt":{"rendered":"<p>Turi \u00e7iklistik i Shqip\u00ebris\u00eb \u00ebsht\u00eb shoq\u00ebruar me incidente. M\u00ebsohet se 3 prej \u00e7iklist\u00ebve jan\u00eb p\u00ebrplasur n\u00eb aksin Ku\u00e7 \u2013 Qeparo dhe jan\u00eb d\u00ebrguar n\u00eb spital p\u00ebr ndihm\u00eb mjek\u00ebsore. \u201cRreth or\u00ebs 14:40, n\u00eb aksin rrugor Ku\u00e7-Qeparo, gjat\u00eb itinerarit t\u00eb gar\u00ebs t\u00eb etap\u00ebs s\u00eb kat\u00ebrt t\u00eb Turit t\u00eb 81-t\u00eb \u00c7iklistik t\u00eb Shqip\u00ebris\u00eb, 3 prej \u00e7iklist\u00ebve dyshohen se [&hellip;]<\/p>\n","protected":false},"author":5,"featured_media":74946,"comment_status":"closed","ping_status":"closed","sticky":false,"template":"","format":"standard","meta":{"footnotes":""},"categories":[1,6334,6332],"tags":[31192,31191],"class_list":{"0":"post-74945","1":"post","2":"type-post","3":"status-publish","4":"format-standard","5":"has-post-thumbnail","7":"category-aktualitet","8":"category-sport","9":"category-te-fundit","10":"tag-dergohen-ne-spital","11":"tag-foto-3-cikliste-perplasen-ne-rrugen-kuc-qeparo"},"_links":{"self":[{"href":"https:\/\/jugulajm.net\/index.php?rest_route=\/wp\/v2\/posts\/74945","targetHints":{"allow":["GET"]}}],"collection":[{"href":"https:\/\/jugulajm.net\/index.php?rest_route=\/wp\/v2\/posts"}],"about":[{"href":"https:\/\/jugulajm.net\/index.php?rest_route=\/wp\/v2\/types\/post"}],"author":[{"embeddable":true,"href":"https:\/\/jugulajm.net\/index.php?rest_route=\/wp\/v2\/users\/5"}],"replies":[{"embeddable":true,"href":"https:\/\/jugulajm.net\/index.php?rest_route=%2Fwp%2Fv2%2Fcomments&post=74945"}],"version-history":[{"count":0,"href":"https:\/\/jugulajm.net\/index.php?rest_route=\/wp\/v2\/posts\/74945\/revisions"}],"wp:featuredmedia":[{"embeddable":true,"href":"https:\/\/jugulajm.net\/index.php?rest_route=\/wp\/v2\/media\/74946"}],"wp:attachment":[{"href":"https:\/\/jugulajm.net\/index.php?rest_route=%2Fwp%2Fv2%2Fmedia&parent=74945"}],"wp:term":[{"taxonomy":"category","embeddable":true,"href":"https:\/\/jugulajm.net\/index.php?rest_route=%2Fwp%2Fv2%2Fcategories&post=74945"},{"taxonomy":"post_tag","embeddable":true,"href":"https:\/\/jugulajm.net\/index.php?rest_route=%2Fwp%2Fv2%2Ftags&post=74945"}],"curies":[{"name":"wp","href":"https:\/\/api.w.org\/{rel}","templated":true}]}}