{"id":74926,"date":"2024-05-23T08:19:06","date_gmt":"2024-05-23T06:19:06","guid":{"rendered":"https:\/\/jugulajm.net\/?p=74926"},"modified":"2024-05-23T08:19:31","modified_gmt":"2024-05-23T06:19:31","slug":"52-vjecari-godet-me-thike-ne-qafe-bashkeshorten","status":"publish","type":"post","link":"https:\/\/jugulajm.net\/?p=74926","title":{"rendered":"52-vje\u00e7ari godet me thik\u00eb n\u00eb qaf\u00eb bashk\u00ebshorten"},"content":{"rendered":"<p>Nj\u00eb ngjarje e r\u00ebnd\u00eb ka ndodhur n\u00eb Tiran\u00eb, ku nj\u00eb 52-vje\u00e7ar ka q\u00eblluar me thik\u00eb bashk\u00ebshorten e tij.<\/p>\n<p>Ngjarja ka ndodhur pas mesnate, rreth or\u00ebs 02:15, n\u00eb rrug\u00ebn \u201cXhanfize Keko\u201d.<\/p>\n<div class=\"ads_desktop\">\n<p>52-vje\u00e7ari ka q\u00eblluar me thik\u00eb n\u00eb qafe dhe n\u00eb trup gruan e tij, E. Sh., 46 vje\u00e7e. Ajo \u00ebsht\u00eb d\u00ebrguar n\u00eb spital dhe ndodhet n\u00eb kujdesin e mjek\u00ebsve.<\/p>\n<\/div>\n<p>Nd\u00ebrkoh\u00eb, 52-vje\u00e7ari J.Sh., \u00ebsht\u00eb arrestuar nga Policia. Ende nuk dihen arsyet dhe motivet e k\u00ebsaj ngjarjeje, por grupi hetimor po punon p\u00ebr sqarimin e rrethanave.<\/p>\n","protected":false},"excerpt":{"rendered":"<p>Nj\u00eb ngjarje e r\u00ebnd\u00eb ka ndodhur n\u00eb Tiran\u00eb, ku nj\u00eb 52-vje\u00e7ar ka q\u00eblluar me thik\u00eb bashk\u00ebshorten e tij. Ngjarja ka ndodhur pas mesnate, rreth or\u00ebs 02:15, n\u00eb rrug\u00ebn \u201cXhanfize Keko\u201d. 52-vje\u00e7ari ka q\u00eblluar me thik\u00eb n\u00eb qafe dhe n\u00eb trup gruan e tij, E. Sh., 46 vje\u00e7e. Ajo \u00ebsht\u00eb d\u00ebrguar n\u00eb spital dhe ndodhet n\u00eb [&hellip;]<\/p>\n","protected":false},"author":5,"featured_media":51534,"comment_status":"closed","ping_status":"closed","sticky":false,"template":"","format":"standard","meta":{"footnotes":""},"categories":[1,6332,29228],"tags":[31180],"class_list":{"0":"post-74926","1":"post","2":"type-post","3":"status-publish","4":"format-standard","5":"has-post-thumbnail","7":"category-aktualitet","8":"category-te-fundit","9":"category-vendi","10":"tag-52-vjecari-godet-me-thike-ne-qafe-bashkeshorten"},"_links":{"self":[{"href":"https:\/\/jugulajm.net\/index.php?rest_route=\/wp\/v2\/posts\/74926","targetHints":{"allow":["GET"]}}],"collection":[{"href":"https:\/\/jugulajm.net\/index.php?rest_route=\/wp\/v2\/posts"}],"about":[{"href":"https:\/\/jugulajm.net\/index.php?rest_route=\/wp\/v2\/types\/post"}],"author":[{"embeddable":true,"href":"https:\/\/jugulajm.net\/index.php?rest_route=\/wp\/v2\/users\/5"}],"replies":[{"embeddable":true,"href":"https:\/\/jugulajm.net\/index.php?rest_route=%2Fwp%2Fv2%2Fcomments&post=74926"}],"version-history":[{"count":0,"href":"https:\/\/jugulajm.net\/index.php?rest_route=\/wp\/v2\/posts\/74926\/revisions"}],"wp:featuredmedia":[{"embeddable":true,"href":"https:\/\/jugulajm.net\/index.php?rest_route=\/wp\/v2\/media\/51534"}],"wp:attachment":[{"href":"https:\/\/jugulajm.net\/index.php?rest_route=%2Fwp%2Fv2%2Fmedia&parent=74926"}],"wp:term":[{"taxonomy":"category","embeddable":true,"href":"https:\/\/jugulajm.net\/index.php?rest_route=%2Fwp%2Fv2%2Fcategories&post=74926"},{"taxonomy":"post_tag","embeddable":true,"href":"https:\/\/jugulajm.net\/index.php?rest_route=%2Fwp%2Fv2%2Ftags&post=74926"}],"curies":[{"name":"wp","href":"https:\/\/api.w.org\/{rel}","templated":true}]}}