{"id":74912,"date":"2024-05-22T17:26:39","date_gmt":"2024-05-22T15:26:39","guid":{"rendered":"https:\/\/jugulajm.net\/?p=74912"},"modified":"2024-05-22T17:26:39","modified_gmt":"2024-05-22T15:26:39","slug":"perplasi-me-gomone-7-vjecaren-ne-himare-ja-sa-vite-burg-denohet-ish-polici","status":"publish","type":"post","link":"https:\/\/jugulajm.net\/?p=74912","title":{"rendered":"P\u00ebrplasi me gomone 7-vje\u00e7aren n\u00eb Himar\u00eb, ja sa vite burg d\u00ebnohet ish-polici&#8230;"},"content":{"rendered":"<p>Gjykata e Vlor\u00ebs d\u00ebnon me 18 vite burg Arjan Tasen. Ish-polici u b\u00eb shkak p\u00ebr vdekjen e nj\u00eb vajze 7-vje\u00e7are pasi ngiste nj\u00eb gomone n\u00eb plazhin e Potamit, n\u00eb nj\u00eb zon\u00eb t\u00eb ndaluar p\u00ebr motomjetet.<\/p>\n<p>Ngjarja e r\u00ebnd\u00eb ndodhi n\u00eb gusht t\u00eb vitit 2022.<\/p>\n<p>Ishte Prokuroria e Vlor\u00ebs ajo q\u00eb ndryshoi akuz\u00ebn e vrasjes nga pakujdesia t\u00eb cil\u00ebn e kishte referuar Agjencia p\u00ebr Mbik\u00ebqyrjen Policore, duke ngritur at\u00eb t\u00eb vrasjes me dashje.<\/p>\n","protected":false},"excerpt":{"rendered":"<p>Gjykata e Vlor\u00ebs d\u00ebnon me 18 vite burg Arjan Tasen. Ish-polici u b\u00eb shkak p\u00ebr vdekjen e nj\u00eb vajze 7-vje\u00e7are pasi ngiste nj\u00eb gomone n\u00eb plazhin e Potamit, n\u00eb nj\u00eb zon\u00eb t\u00eb ndaluar p\u00ebr motomjetet. Ngjarja e r\u00ebnd\u00eb ndodhi n\u00eb gusht t\u00eb vitit 2022. Ishte Prokuroria e Vlor\u00ebs ajo q\u00eb ndryshoi akuz\u00ebn e vrasjes nga [&hellip;]<\/p>\n","protected":false},"author":5,"featured_media":62125,"comment_status":"closed","ping_status":"closed","sticky":false,"template":"","format":"standard","meta":{"footnotes":""},"categories":[1,6332,29228],"tags":[31172,31171],"class_list":{"0":"post-74912","1":"post","2":"type-post","3":"status-publish","4":"format-standard","5":"has-post-thumbnail","7":"category-aktualitet","8":"category-te-fundit","9":"category-vendi","10":"tag-ja-sa-vite-burg-denohet-ish-polici","11":"tag-perplasi-me-gomone-7-vjecaren-ne-himare"},"_links":{"self":[{"href":"https:\/\/jugulajm.net\/index.php?rest_route=\/wp\/v2\/posts\/74912","targetHints":{"allow":["GET"]}}],"collection":[{"href":"https:\/\/jugulajm.net\/index.php?rest_route=\/wp\/v2\/posts"}],"about":[{"href":"https:\/\/jugulajm.net\/index.php?rest_route=\/wp\/v2\/types\/post"}],"author":[{"embeddable":true,"href":"https:\/\/jugulajm.net\/index.php?rest_route=\/wp\/v2\/users\/5"}],"replies":[{"embeddable":true,"href":"https:\/\/jugulajm.net\/index.php?rest_route=%2Fwp%2Fv2%2Fcomments&post=74912"}],"version-history":[{"count":0,"href":"https:\/\/jugulajm.net\/index.php?rest_route=\/wp\/v2\/posts\/74912\/revisions"}],"wp:featuredmedia":[{"embeddable":true,"href":"https:\/\/jugulajm.net\/index.php?rest_route=\/wp\/v2\/media\/62125"}],"wp:attachment":[{"href":"https:\/\/jugulajm.net\/index.php?rest_route=%2Fwp%2Fv2%2Fmedia&parent=74912"}],"wp:term":[{"taxonomy":"category","embeddable":true,"href":"https:\/\/jugulajm.net\/index.php?rest_route=%2Fwp%2Fv2%2Fcategories&post=74912"},{"taxonomy":"post_tag","embeddable":true,"href":"https:\/\/jugulajm.net\/index.php?rest_route=%2Fwp%2Fv2%2Ftags&post=74912"}],"curies":[{"name":"wp","href":"https:\/\/api.w.org\/{rel}","templated":true}]}}