{"id":74878,"date":"2024-05-21T16:57:39","date_gmt":"2024-05-21T14:57:39","guid":{"rendered":"https:\/\/jugulajm.net\/?p=74878"},"modified":"2024-05-21T16:57:39","modified_gmt":"2024-05-21T14:57:39","slug":"emrat-fotot-arrestohen-2-te-rinj-u-kapen-duke-shperndare-kokaine","status":"publish","type":"post","link":"https:\/\/jugulajm.net\/?p=74878","title":{"rendered":"EMRAT-FOTOT\/ Arrestohen 2 t\u00eb rinj, u kap\u00ebn duke shp\u00ebrndar\u00eb kokain\u00eb"},"content":{"rendered":"<div class=\"firstP\">\n<p>Ardi Shehu, 32 vje\u00e7 dhe Brisea Kallushi, 34 vje\u00e7 ran\u00eb n\u00eb pranga sot, pasi shp\u00ebrndanin kokaine n\u00eb kryeqytet.<\/p>\n<p>Policia ka ran\u00eb n\u00eb gjurm\u00eb t\u00eb nj\u00eb sasie prej 20-30 gram kokain\u00eb dhe nd\u00ebrhyn\u00eb, duke i arrestuar.<\/p>\n<\/div>\n<p>32-vje\u00e7ari akuzohet p\u00ebr veprat penale \u201cProdhimi dhe shitja e narkotik\u00ebve\u201d, kryer n\u00eb bashk\u00ebpunim, dhe \u201cLargimi i t\u00eb burgosurit nga vendi i q\u00ebndrimit\u201d, nd\u00ebrsa Brisea p\u00ebr vepr\u00ebn penale \u201cProdhimi dhe shitja e narkotik\u00ebve\u201d, kryer n\u00eb bashk\u00ebpunim.<\/p>\n<div class=\"tchAdBlock smallAdBlock\">\n<div class=\"siteWidthContainer\">\n<div id=\"div-gpt-ad-1508597120991-1\" class=\"innerAdBlock\" data-google-query-id=\"CPHA_bj8noYDFTEfBgAd194D_A\">\n<div id=\"google_ads_iframe_\/52408802\/ARTAKT2_0__container__\">Gjat\u00eb kontrollit fizik ndaj k\u00ebtyre shtetasve, sh\u00ebrbimet e Policis\u00eb iu gjet\u00ebn rreth 500 gram\u00eb l\u00ebnd\u00eb t\u00eb dyshuar narkotike kokain\u00eb, e cila u sekuestrua n\u00eb cil\u00ebsin\u00eb e prov\u00ebs materiale, bashk\u00eb me 2 celular\u00eb.<\/div>\n<\/div>\n<\/div>\n<\/div>\n<p>Pas verifikimeve t\u00eb policis\u00eb rezulton gjithashtu se Ardi Shehu ka thyer mas\u00ebn e siguris\u00eb \u201cArrest n\u00eb sht\u00ebpi\u201d, t\u00eb caktuar nga Gjykata.<\/p>\n","protected":false},"excerpt":{"rendered":"<p>Ardi Shehu, 32 vje\u00e7 dhe Brisea Kallushi, 34 vje\u00e7 ran\u00eb n\u00eb pranga sot, pasi shp\u00ebrndanin kokaine n\u00eb kryeqytet. Policia ka ran\u00eb n\u00eb gjurm\u00eb t\u00eb nj\u00eb sasie prej 20-30 gram kokain\u00eb dhe nd\u00ebrhyn\u00eb, duke i arrestuar. 32-vje\u00e7ari akuzohet p\u00ebr veprat penale \u201cProdhimi dhe shitja e narkotik\u00ebve\u201d, kryer n\u00eb bashk\u00ebpunim, dhe \u201cLargimi i t\u00eb burgosurit nga vendi [&hellip;]<\/p>\n","protected":false},"author":5,"featured_media":74879,"comment_status":"closed","ping_status":"closed","sticky":false,"template":"","format":"standard","meta":{"footnotes":""},"categories":[1,6332,29228],"tags":[31152,31153],"class_list":{"0":"post-74878","1":"post","2":"type-post","3":"status-publish","4":"format-standard","5":"has-post-thumbnail","7":"category-aktualitet","8":"category-te-fundit","9":"category-vendi","10":"tag-emrat-fotot-arrestohen-2-te-rinj","11":"tag-u-kapen-duke-shperndare-kokaine"},"_links":{"self":[{"href":"https:\/\/jugulajm.net\/index.php?rest_route=\/wp\/v2\/posts\/74878","targetHints":{"allow":["GET"]}}],"collection":[{"href":"https:\/\/jugulajm.net\/index.php?rest_route=\/wp\/v2\/posts"}],"about":[{"href":"https:\/\/jugulajm.net\/index.php?rest_route=\/wp\/v2\/types\/post"}],"author":[{"embeddable":true,"href":"https:\/\/jugulajm.net\/index.php?rest_route=\/wp\/v2\/users\/5"}],"replies":[{"embeddable":true,"href":"https:\/\/jugulajm.net\/index.php?rest_route=%2Fwp%2Fv2%2Fcomments&post=74878"}],"version-history":[{"count":0,"href":"https:\/\/jugulajm.net\/index.php?rest_route=\/wp\/v2\/posts\/74878\/revisions"}],"wp:featuredmedia":[{"embeddable":true,"href":"https:\/\/jugulajm.net\/index.php?rest_route=\/wp\/v2\/media\/74879"}],"wp:attachment":[{"href":"https:\/\/jugulajm.net\/index.php?rest_route=%2Fwp%2Fv2%2Fmedia&parent=74878"}],"wp:term":[{"taxonomy":"category","embeddable":true,"href":"https:\/\/jugulajm.net\/index.php?rest_route=%2Fwp%2Fv2%2Fcategories&post=74878"},{"taxonomy":"post_tag","embeddable":true,"href":"https:\/\/jugulajm.net\/index.php?rest_route=%2Fwp%2Fv2%2Ftags&post=74878"}],"curies":[{"name":"wp","href":"https:\/\/api.w.org\/{rel}","templated":true}]}}