{"id":74854,"date":"2024-05-21T08:23:18","date_gmt":"2024-05-21T06:23:18","guid":{"rendered":"https:\/\/jugulajm.net\/?p=74854"},"modified":"2024-05-21T08:23:18","modified_gmt":"2024-05-21T06:23:18","slug":"video-celet-ne-gjirokaster-muzeu-i-musine-kokalarit","status":"publish","type":"post","link":"https:\/\/jugulajm.net\/?p=74854","title":{"rendered":"VIDEO\/ \u00c7elet n\u00eb Gjirokast\u00ebr muzeu i Musine Kokalarit"},"content":{"rendered":"<p>Nga sot e tutje, kushdo q\u00eb vjen n\u00eb Gjirokast\u00ebr mund t\u00eb m\u00ebsoj\u00eb m\u00eb shum\u00eb rreth disidentes, Musine Kokalari.<\/p>\n<p>N\u00eb nj\u00eb prej banesave t\u00eb Kokalarajve ne lagjen Palorto, disa ambjenteve i jan\u00eb dedikuar k\u00ebsaj figure n\u00ebn emrin &#8220;Muza ime&#8221;.<\/p>\n<p>P\u00ebr trashegimtaren e disidentes, Arjeta Kokalari, muzeu \u00ebsht\u00eb fryt i p\u00ebrpjekjeve disa vje\u00e7are q\u00eb ajo ka b\u00ebr\u00eb p\u00ebr t&#8217;a vendosur Musinen\u00eb n\u00eb vendin q\u00eb e meriton.<\/p>\n<p>Muzeu eshte nj\u00eb investim i qeveris\u00eb suedeze, q\u00eb u zbatua nga organizata &#8220;Trash\u00ebgimia kulturore pa kufij&#8221;, q\u00eb mund\u00ebsoi restaurimin dhe konceptimin e k\u00ebsaj hap\u00ebsire.<\/p>\n<p>N\u00eb inagurimin e streh\u00ebz\u00ebs s\u00eb t\u00eb par\u00ebs shkrimtare, politikane dhe disidente fem\u00ebr n\u00eb Shqip\u00ebri, mor\u00ebn pjes\u00eb autoritete lokale, gazetar\u00eb, shkrimtar\u00eb, specialist\u00eb t\u00eb trash\u00ebgimis\u00eb, por edhe ambasadori suedez n\u00eb Shqip\u00ebri.<\/p>\n<p>Sht\u00ebpia ku kaloi f\u00ebmij\u00ebrin\u00eb Musine Kokalari \u00ebsht\u00eb p\u00ebrfshir\u00eb nga flak\u00ebt para 1 dekade dhe vazhdon t\u00eb r\u00ebnohet nga viti n\u00eb vit.<\/p>\n<p>Disa here \u00ebsht\u00eb folur p\u00ebr rikostruksionin e saj, por q\u00eb ende s&#8217; po shihet gj\u00eb konkrete.<\/p>\n","protected":false},"excerpt":{"rendered":"<p>Nga sot e tutje, kushdo q\u00eb vjen n\u00eb Gjirokast\u00ebr mund t\u00eb m\u00ebsoj\u00eb m\u00eb shum\u00eb rreth disidentes, Musine Kokalari. N\u00eb nj\u00eb prej banesave t\u00eb Kokalarajve ne lagjen Palorto, disa ambjenteve i jan\u00eb dedikuar k\u00ebsaj figure n\u00ebn emrin &#8220;Muza ime&#8221;. P\u00ebr trashegimtaren e disidentes, Arjeta Kokalari, muzeu \u00ebsht\u00eb fryt i p\u00ebrpjekjeve disa vje\u00e7are q\u00eb ajo ka b\u00ebr\u00eb [&hellip;]<\/p>\n","protected":false},"author":5,"featured_media":74855,"comment_status":"closed","ping_status":"closed","sticky":false,"template":"","format":"video","meta":{"footnotes":""},"categories":[1,6332,29228,26832],"tags":[31137],"class_list":{"0":"post-74854","1":"post","2":"type-post","3":"status-publish","4":"format-video","5":"has-post-thumbnail","7":"category-aktualitet","8":"category-te-fundit","9":"category-vendi","10":"category-video","11":"tag-video-celet-ne-gjirokaster-muzeu-i-musine-kokalarit","12":"post_format-post-format-video"},"_links":{"self":[{"href":"https:\/\/jugulajm.net\/index.php?rest_route=\/wp\/v2\/posts\/74854","targetHints":{"allow":["GET"]}}],"collection":[{"href":"https:\/\/jugulajm.net\/index.php?rest_route=\/wp\/v2\/posts"}],"about":[{"href":"https:\/\/jugulajm.net\/index.php?rest_route=\/wp\/v2\/types\/post"}],"author":[{"embeddable":true,"href":"https:\/\/jugulajm.net\/index.php?rest_route=\/wp\/v2\/users\/5"}],"replies":[{"embeddable":true,"href":"https:\/\/jugulajm.net\/index.php?rest_route=%2Fwp%2Fv2%2Fcomments&post=74854"}],"version-history":[{"count":0,"href":"https:\/\/jugulajm.net\/index.php?rest_route=\/wp\/v2\/posts\/74854\/revisions"}],"wp:featuredmedia":[{"embeddable":true,"href":"https:\/\/jugulajm.net\/index.php?rest_route=\/wp\/v2\/media\/74855"}],"wp:attachment":[{"href":"https:\/\/jugulajm.net\/index.php?rest_route=%2Fwp%2Fv2%2Fmedia&parent=74854"}],"wp:term":[{"taxonomy":"category","embeddable":true,"href":"https:\/\/jugulajm.net\/index.php?rest_route=%2Fwp%2Fv2%2Fcategories&post=74854"},{"taxonomy":"post_tag","embeddable":true,"href":"https:\/\/jugulajm.net\/index.php?rest_route=%2Fwp%2Fv2%2Ftags&post=74854"}],"curies":[{"name":"wp","href":"https:\/\/api.w.org\/{rel}","templated":true}]}}