{"id":74837,"date":"2024-05-20T17:24:10","date_gmt":"2024-05-20T15:24:10","guid":{"rendered":"https:\/\/jugulajm.net\/?p=74837"},"modified":"2024-05-20T17:24:10","modified_gmt":"2024-05-20T15:24:10","slug":"emrat-arrestohen-2-te-rinj-morren-peng-dhe-dhunuan-20-vjecarin-prangoset-edhe-shoku-i-tyre-sepse","status":"publish","type":"post","link":"https:\/\/jugulajm.net\/?p=74837","title":{"rendered":"EMRAT\/ Arrestohen 2 t\u00eb rinj, morr\u00ebn peng dhe dhunuan 20-vje\u00e7arin, prangoset edhe shoku i tyre sepse&#8230;"},"content":{"rendered":"<p>Nj\u00eb ngjarje e r\u00ebnd\u00eb ka ndodhur n\u00eb Tiran\u00eb, ku nj\u00eb 20-vje\u00e7ar \u00ebsht\u00eb marr\u00eb peng dhe dhunuar nga disa persona.<\/p>\n<p>Policia ka njoftuar se ngjarja e r\u00ebnd\u00eb ka ndodhur sot n\u00eb sheshin \u201cSk\u00ebnderbej\u201d, ku i riu \u00ebsht\u00eb rr\u00ebmbyer nga Denis Baxhaku, bashk\u00eb me Ermand Hoxh\u00ebn dhe Teo Kolemi\u00e7on, pasi ka dal\u00eb 10 mln lek\u00eb minus nga xhiroja n\u00eb kiosk\u00ebn, ku punonte si shit\u00ebs.<\/p>\n<p>Ata e kan\u00eb mbajtur peng p\u00ebr disa or\u00eb dhe e kan\u00eb dhunuar brutalisht.<\/p>\n<p>Baxhaku dhe Hoxha jan\u00eb arrestuar, teksa n\u00eb pranga ka r\u00ebn\u00eb dhe nj\u00eb 20-vje\u00e7ar i cili kishte dijeni p\u00ebr ngjarjen, por nuk e raportoi.<\/p>\n<p>Nga ana tjet\u00ebr, vijojn\u00eb k\u00ebrkimet p\u00ebr kapjen e Teo Kolemi\u00e7o.<\/p>\n<p><strong>Njoftimi i policis\u00eb:<\/strong><\/p>\n<p>I hoq\u00ebn lirin\u00eb nj\u00eb shtetasi dhe ushtruan dhun\u00eb ndaj tij, arrestohen 2 shtetas, shpallet n\u00eb k\u00ebrkim bashk\u00ebpun\u00ebtori i tyre.<\/p>\n<p>Gjithashtu, u arrestua 1 shtetas tjet\u00ebr q\u00eb ka patur dijeni p\u00ebr ngjarjen, por nuk e ka kall\u00ebzuar n\u00eb Polici.<\/p>\n<p>Specialist\u00ebt p\u00ebr Hetimin e Krimeve t\u00eb Komisariatit t\u00eb Policis\u00eb Nr. 1, pas kall\u00ebzimit t\u00eb marr\u00eb dit\u00ebn e sotme nga nj\u00eb 20-vje\u00e7ar, se 3 shtetas i kishin hequr lirin\u00eb dhe kishin ushtruar dhun\u00eb ndaj tij, menj\u00ebher\u00eb kan\u00eb organizuar pun\u00ebn p\u00ebr kapjen e tyre.<\/p>\n<p>Si rezultat:<\/p>\n<p>\u2013 u arrestuan shtetasit D. B., 36 vje\u00e7, dhe E. H., 31 vje\u00e7, dhe u shpall n\u00eb k\u00ebrkim shtetasi H. P., 19 vje\u00e7, p\u00ebr vepr\u00ebn penale \u201cHeqja e paligjshme e liris\u00eb\u201d;<\/p>\n<p>\u2013 u arrestua shtetasi T. K., 28 vje\u00e7, p\u00ebr vepr\u00ebn penale \u201cMoskall\u00ebzimi i krimit\u201d.<\/p>\n<p>Shtetasit D. B., E. H. dhe H. P., dyshohet se p\u00ebr motive t\u00eb dob\u00ebta, kan\u00eb marr\u00eb me forc\u00eb n\u00eb sheshin \u201cSk\u00ebnderbej\u201d, nj\u00eb 20-vje\u00e7ar, ndaj t\u00eb cilit kan\u00eb ushtruar dhun\u00eb n\u00eb m\u00ebnyr\u00eb t\u00eb vazhdueshme, nd\u00ebrsa shtetasi T. K. ka patur dijeni p\u00ebr ngjarjen, por nuk e ka kall\u00ebzuar at\u00eb n\u00eb Polici.<\/p>\n<p>Materialet i kaluan Prokuroris\u00eb.<\/p>\n","protected":false},"excerpt":{"rendered":"<p>Nj\u00eb ngjarje e r\u00ebnd\u00eb ka ndodhur n\u00eb Tiran\u00eb, ku nj\u00eb 20-vje\u00e7ar \u00ebsht\u00eb marr\u00eb peng dhe dhunuar nga disa persona. Policia ka njoftuar se ngjarja e r\u00ebnd\u00eb ka ndodhur sot n\u00eb sheshin \u201cSk\u00ebnderbej\u201d, ku i riu \u00ebsht\u00eb rr\u00ebmbyer nga Denis Baxhaku, bashk\u00eb me Ermand Hoxh\u00ebn dhe Teo Kolemi\u00e7on, pasi ka dal\u00eb 10 mln lek\u00eb minus nga [&hellip;]<\/p>\n","protected":false},"author":5,"featured_media":56323,"comment_status":"closed","ping_status":"closed","sticky":false,"template":"","format":"standard","meta":{"footnotes":""},"categories":[1,6332,29228],"tags":[31126,31127,31128],"class_list":{"0":"post-74837","1":"post","2":"type-post","3":"status-publish","4":"format-standard","5":"has-post-thumbnail","7":"category-aktualitet","8":"category-te-fundit","9":"category-vendi","10":"tag-emrat-arrestohen-2-te-rinj","11":"tag-morren-peng-dhe-dhunuan-20-vjecarin","12":"tag-prangoset-edhe-shoku-i-tyre-sepse"},"_links":{"self":[{"href":"https:\/\/jugulajm.net\/index.php?rest_route=\/wp\/v2\/posts\/74837","targetHints":{"allow":["GET"]}}],"collection":[{"href":"https:\/\/jugulajm.net\/index.php?rest_route=\/wp\/v2\/posts"}],"about":[{"href":"https:\/\/jugulajm.net\/index.php?rest_route=\/wp\/v2\/types\/post"}],"author":[{"embeddable":true,"href":"https:\/\/jugulajm.net\/index.php?rest_route=\/wp\/v2\/users\/5"}],"replies":[{"embeddable":true,"href":"https:\/\/jugulajm.net\/index.php?rest_route=%2Fwp%2Fv2%2Fcomments&post=74837"}],"version-history":[{"count":0,"href":"https:\/\/jugulajm.net\/index.php?rest_route=\/wp\/v2\/posts\/74837\/revisions"}],"wp:featuredmedia":[{"embeddable":true,"href":"https:\/\/jugulajm.net\/index.php?rest_route=\/wp\/v2\/media\/56323"}],"wp:attachment":[{"href":"https:\/\/jugulajm.net\/index.php?rest_route=%2Fwp%2Fv2%2Fmedia&parent=74837"}],"wp:term":[{"taxonomy":"category","embeddable":true,"href":"https:\/\/jugulajm.net\/index.php?rest_route=%2Fwp%2Fv2%2Fcategories&post=74837"},{"taxonomy":"post_tag","embeddable":true,"href":"https:\/\/jugulajm.net\/index.php?rest_route=%2Fwp%2Fv2%2Ftags&post=74837"}],"curies":[{"name":"wp","href":"https:\/\/api.w.org\/{rel}","templated":true}]}}