{"id":74810,"date":"2024-05-19T21:25:52","date_gmt":"2024-05-19T19:25:52","guid":{"rendered":"https:\/\/jugulajm.net\/?p=74810"},"modified":"2024-05-19T21:25:52","modified_gmt":"2024-05-19T19:25:52","slug":"greqi-prangoset-shqiptari-45-vjecar-ishte-ne-kerkim-prej-2011-ja-arsyeja","status":"publish","type":"post","link":"https:\/\/jugulajm.net\/?p=74810","title":{"rendered":"Greqi\/ Prangoset shqiptari 45-vje\u00e7ar, ishte n\u00eb k\u00ebrkim prej 2011, ja arsyeja&#8230;"},"content":{"rendered":"<p>Nj\u00eb 45 vje\u00e7ar shqiptar \u00ebsht\u00eb arrestuar t\u00eb shtun\u00ebn n\u00eb Elefsin\u00eb, i cili ishte n\u00eb k\u00ebrkim q\u00eb prej vitit 2011 pasi ishte arratisur nga burgju e Malandrinos, sipas\u00a0<a href=\"https:\/\/www.iefimerida.gr\/ellada\/synelifthi-stin-eleysina-45hronos-drapetis-fylakon\">mediave greke<\/a>.<\/p>\n<p>45-vje\u00e7ari u arrestua pas nj\u00eb operacioni t\u00eb kryer nga Departamenti i K\u00ebrkimeve n\u00eb Drejtorin\u00eb e Siguris\u00eb Atik\u00eb, pas nj\u00eb hetimi dhe vler\u00ebsimi t\u00eb informacionit.<\/p>\n<p>Shqiptari mbante dokumente me t\u00eb dh\u00ebna identifikimi t\u00eb ndryshme por gjurm\u00ebt e gishtave konfirmonim se ai \u00ebsht\u00eb i k\u00ebrkuari.<\/p>\n<p>45-vje\u00e7ari kishte dy d\u00ebnime n\u00eb pritje me 14 vite burg dhe tre urdh\u00ebr-arreste p\u00ebr an\u00ebtar\u00ebsim n\u00eb nj\u00eb organizat\u00eb kriminale me bashk\u00ebkomb\u00ebs t\u00eb tij, t\u00eb cil\u00ebt kryenin grabitje, vjedhje t\u00eb r\u00ebnda n\u00eb zona t\u00eb ndryshme t\u00eb Atik\u00ebs dhe n\u00eb nj\u00eb rast tentativ\u00eb vrasje n\u00eb kontekstin e nj\u00eb grabitjeje.<\/p>\n","protected":false},"excerpt":{"rendered":"<p>Nj\u00eb 45 vje\u00e7ar shqiptar \u00ebsht\u00eb arrestuar t\u00eb shtun\u00ebn n\u00eb Elefsin\u00eb, i cili ishte n\u00eb k\u00ebrkim q\u00eb prej vitit 2011 pasi ishte arratisur nga burgju e Malandrinos, sipas\u00a0mediave greke. 45-vje\u00e7ari u arrestua pas nj\u00eb operacioni t\u00eb kryer nga Departamenti i K\u00ebrkimeve n\u00eb Drejtorin\u00eb e Siguris\u00eb Atik\u00eb, pas nj\u00eb hetimi dhe vler\u00ebsimi t\u00eb informacionit. Shqiptari mbante dokumente [&hellip;]<\/p>\n","protected":false},"author":5,"featured_media":52079,"comment_status":"closed","ping_status":"closed","sticky":false,"template":"","format":"standard","meta":{"footnotes":""},"categories":[1,6332,29228],"tags":[31114,31115,20856],"class_list":{"0":"post-74810","1":"post","2":"type-post","3":"status-publish","4":"format-standard","5":"has-post-thumbnail","7":"category-aktualitet","8":"category-te-fundit","9":"category-vendi","10":"tag-greqi-prangoset-shqiptari-45-vjecar","11":"tag-ishte-ne-kerkim-prej-2011","12":"tag-ja-arsyeja"},"_links":{"self":[{"href":"https:\/\/jugulajm.net\/index.php?rest_route=\/wp\/v2\/posts\/74810","targetHints":{"allow":["GET"]}}],"collection":[{"href":"https:\/\/jugulajm.net\/index.php?rest_route=\/wp\/v2\/posts"}],"about":[{"href":"https:\/\/jugulajm.net\/index.php?rest_route=\/wp\/v2\/types\/post"}],"author":[{"embeddable":true,"href":"https:\/\/jugulajm.net\/index.php?rest_route=\/wp\/v2\/users\/5"}],"replies":[{"embeddable":true,"href":"https:\/\/jugulajm.net\/index.php?rest_route=%2Fwp%2Fv2%2Fcomments&post=74810"}],"version-history":[{"count":0,"href":"https:\/\/jugulajm.net\/index.php?rest_route=\/wp\/v2\/posts\/74810\/revisions"}],"wp:featuredmedia":[{"embeddable":true,"href":"https:\/\/jugulajm.net\/index.php?rest_route=\/wp\/v2\/media\/52079"}],"wp:attachment":[{"href":"https:\/\/jugulajm.net\/index.php?rest_route=%2Fwp%2Fv2%2Fmedia&parent=74810"}],"wp:term":[{"taxonomy":"category","embeddable":true,"href":"https:\/\/jugulajm.net\/index.php?rest_route=%2Fwp%2Fv2%2Fcategories&post=74810"},{"taxonomy":"post_tag","embeddable":true,"href":"https:\/\/jugulajm.net\/index.php?rest_route=%2Fwp%2Fv2%2Ftags&post=74810"}],"curies":[{"name":"wp","href":"https:\/\/api.w.org\/{rel}","templated":true}]}}