{"id":74779,"date":"2024-05-18T22:31:24","date_gmt":"2024-05-18T20:31:24","guid":{"rendered":"https:\/\/jugulajm.net\/?p=74779"},"modified":"2024-05-18T22:31:24","modified_gmt":"2024-05-18T20:31:24","slug":"emrat-greqi-shqiptari-dhe-maqedonasi-dhunojne-dhe-grabisin-3-te-moshuarit","status":"publish","type":"post","link":"https:\/\/jugulajm.net\/?p=74779","title":{"rendered":"EMRAT\/ Greqi, shqiptari dhe maqedonasi dhunojn\u00eb dhe grabisin 3 t\u00eb moshuarit"},"content":{"rendered":"<p>Tre persona t\u00eb moshuar jan\u00eb dhunuar n\u00eb Greqi nga nj\u00eb shqiptar dhe nj\u00eb maqedonas, t\u00eb cil\u00ebt pasi i rrah\u00ebn edhe i grabit\u00ebn.<\/p>\n<p>Fred Mykaj, 46 vje\u00e7 nga Mallakastra dhe Boban Ristevski, 45 vje\u00e7 nga Shkupi, akuzohen se t\u00eb maskuar kan\u00eb hyr\u00eb n\u00eb banes\u00ebn e tre t\u00eb moshuarve t\u00eb mosh\u00ebs 68, 74 dhe 87 vje\u00e7 n\u00eb Tripoli Arkadhia dhe n\u00ebn k\u00ebrc\u00ebnimin e nj\u00eb arme imituese dhe nj\u00eb thike, i kan\u00eb lidhur dhe u kan\u00eb grabitur 19 mij\u00eb 65 euro dhe bizhuteri n\u00eb vler\u00ebn 500 euro.<\/p>\n<p>Grabit\u00ebsi nga Shkupi kishte marr\u00eb leje nga burgjet e Chanias por nuk u kthye m\u00eb n\u00eb qeli.<\/p>\n<p>S\u00eb bashku me bashk\u00ebpun\u00ebtorin shqiptar ai mori me qira nj\u00eb makin\u00eb n\u00eb Athin\u00eb, i vendos\u00ebn targa t\u00eb vjedhura dhe udh\u00ebtuan drejt fshatit Doriz\u00eb t\u00eb Arkadis\u00eb.<\/p>\n<p>Aty hyn\u00eb n\u00eb sht\u00ebpin\u00eb ku jetojn\u00eb t\u00eb moshuarit, dy gra dhe nj\u00eb burr\u00eb, t\u00eb cil\u00ebt autor\u00ebt i lidh\u00ebn dhe i rrah\u00ebn.<\/p>\n<p>M\u00eb pas, hajdut\u00ebt u larguan duke marr\u00eb 19.000 euro kesh dhe stoli me vler\u00eb rreth 10.000 euro.<\/p>\n<p>Grabit\u00ebsit, me precedent\u00eb t\u00eb m\u00ebparsh\u00ebm penal n\u00eb grabitje nga viti 2013 e deri m\u00eb sot, u arrestuan n\u00eb pyll ku ishin arratisur.<\/p>\n","protected":false},"excerpt":{"rendered":"<p>Tre persona t\u00eb moshuar jan\u00eb dhunuar n\u00eb Greqi nga nj\u00eb shqiptar dhe nj\u00eb maqedonas, t\u00eb cil\u00ebt pasi i rrah\u00ebn edhe i grabit\u00ebn. Fred Mykaj, 46 vje\u00e7 nga Mallakastra dhe Boban Ristevski, 45 vje\u00e7 nga Shkupi, akuzohen se t\u00eb maskuar kan\u00eb hyr\u00eb n\u00eb banes\u00ebn e tre t\u00eb moshuarve t\u00eb mosh\u00ebs 68, 74 dhe 87 vje\u00e7 n\u00eb [&hellip;]<\/p>\n","protected":false},"author":5,"featured_media":50166,"comment_status":"closed","ping_status":"closed","sticky":false,"template":"","format":"standard","meta":{"footnotes":""},"categories":[1,6332],"tags":[24954,31097],"class_list":{"0":"post-74779","1":"post","2":"type-post","3":"status-publish","4":"format-standard","5":"has-post-thumbnail","7":"category-aktualitet","8":"category-te-fundit","9":"tag-emrat-greqi","10":"tag-shqiptari-dhe-maqedonasi-dhunojne-dhe-grabisin-3-te-moshuarit"},"_links":{"self":[{"href":"https:\/\/jugulajm.net\/index.php?rest_route=\/wp\/v2\/posts\/74779","targetHints":{"allow":["GET"]}}],"collection":[{"href":"https:\/\/jugulajm.net\/index.php?rest_route=\/wp\/v2\/posts"}],"about":[{"href":"https:\/\/jugulajm.net\/index.php?rest_route=\/wp\/v2\/types\/post"}],"author":[{"embeddable":true,"href":"https:\/\/jugulajm.net\/index.php?rest_route=\/wp\/v2\/users\/5"}],"replies":[{"embeddable":true,"href":"https:\/\/jugulajm.net\/index.php?rest_route=%2Fwp%2Fv2%2Fcomments&post=74779"}],"version-history":[{"count":0,"href":"https:\/\/jugulajm.net\/index.php?rest_route=\/wp\/v2\/posts\/74779\/revisions"}],"wp:featuredmedia":[{"embeddable":true,"href":"https:\/\/jugulajm.net\/index.php?rest_route=\/wp\/v2\/media\/50166"}],"wp:attachment":[{"href":"https:\/\/jugulajm.net\/index.php?rest_route=%2Fwp%2Fv2%2Fmedia&parent=74779"}],"wp:term":[{"taxonomy":"category","embeddable":true,"href":"https:\/\/jugulajm.net\/index.php?rest_route=%2Fwp%2Fv2%2Fcategories&post=74779"},{"taxonomy":"post_tag","embeddable":true,"href":"https:\/\/jugulajm.net\/index.php?rest_route=%2Fwp%2Fv2%2Ftags&post=74779"}],"curies":[{"name":"wp","href":"https:\/\/api.w.org\/{rel}","templated":true}]}}