{"id":74765,"date":"2024-05-18T13:11:55","date_gmt":"2024-05-18T11:11:55","guid":{"rendered":"https:\/\/jugulajm.net\/?p=74765"},"modified":"2024-05-18T13:11:55","modified_gmt":"2024-05-18T11:11:55","slug":"diaspora-proteston-ne-milano-ne-prag-te-takimit-te-rames-me-emigrantet","status":"publish","type":"post","link":"https:\/\/jugulajm.net\/?p=74765","title":{"rendered":"Diaspora proteston n\u00eb Milano n\u00eb prag t\u00eb takimit t\u00eb Ram\u00ebs me emigrant\u00ebt"},"content":{"rendered":"<p>Kryeministri Edi Rama pas Athin\u00ebs do t\u00eb vijoj\u00eb turin e tij t\u00eb takimeve me diaspor\u00ebn m\u00eb 26 maj n\u00eb Milano, por n\u00eb prag t\u00eb k\u00ebtij takimi me emigrant\u00ebt, disa dhjet\u00ebra prej tyre q\u00eb jetojn\u00eb n\u00eb Itali kan\u00eb protestuar sot para godin\u00ebs s\u00eb Ambasad\u00ebs shqiptare.<\/p>\n<p>Tubimi nisi n\u00eb or\u00ebn 11:00 dhe vijoi p\u00ebr m\u00eb shum\u00eb se 60 minuta, me emigrant\u00ebt shqiptar\u00eb q\u00eb protestuan n\u00ebn moton #Duat\u00ebvotojn\u00eb2025.<\/p>\n<p>Aktivisti Arb\u00ebr Lleshi n\u00eb nj\u00eb lidhje live me \u201cDitarin e fundjav\u00ebs\u201d n\u00eb A2 CNN, pas mbylljes s\u00eb tubimit, shpjegoi edhe detajet nga ky organizim i disapor\u00ebs.<\/p>\n<p><em>\u201cNe u tubuam k\u00ebtu. U mblodh\u00ebm t\u00eb gjith\u00eb para ambasad\u00ebs shqiptare n\u00eb Milano. Pat\u00ebm nj\u00eb mbledhje me atmosfer\u00eb shum\u00eb entuziaste. Njer\u00ebzit dhe t\u00eb rinjt\u00eb e diaspor\u00ebs jan\u00eb shum\u00eb t\u00eb p\u00ebrkushtuar ndaj q\u00ebllimit p\u00ebr t\u00eb mund\u00ebsuar t\u00eb drejt\u00ebn e vot\u00ebs s\u00eb tyre. Fatkeq\u00ebsisht deri para pak koh\u00ebsh nuk bisedohej fare p\u00ebr k\u00ebt\u00eb \u00e7\u00ebshtje. \u201cDiaspora p\u00ebr Shqip\u00ebrin\u00eb e Lir\u00eb\u201d e b\u00ebri problem n\u00eb Gjykat\u00ebn Kushtetuese k\u00ebt\u00eb \u00e7\u00ebshtje dhe tanim\u00eb kemi nj\u00eb vendim gjykate q\u00eb e detyron parlamentin t\u00eb reformoj Kodin Zgjedhor. Ky vendim gjykate nuk \u00ebsht\u00eb zbatuar, \u00ebsht\u00eb tejkaluar afati, \u00ebsht\u00eb shkelur. Prandaj ne jemi t\u00eb gjith\u00eb k\u00ebtu, q\u00eb ta japim mesazhin ton\u00eb para ambasad\u00ebs n\u00eb vendin ku jetojm\u00eb.\u201d<\/em><\/p>\n<p>M\u00eb tej ai shprehu shqet\u00ebsimin e se Ambasadat e vendit ton\u00eb kudo n\u00eb Europ\u00eb nuk i p\u00ebrgjigjen si duhet problematikave t\u00eb diaspor\u00ebs shqiptare, duke vendosur theksin te arroganca e punonj\u00ebsve q\u00eb sh\u00ebrbejn\u00eb aty.<\/p>\n<p><em>\u201cAmbasada jo vet\u00ebm q\u00eb nuk reagon fizikisht por as nuk na p\u00ebrgjigjet n\u00eb telefon as neve dhe as autoriteteve vendase. Pavar\u00ebsisht mos-seriozitetit t\u00eb institucionit ne jemi p\u00ebr ta dh\u00ebn\u00eb mesazhin ton\u00eb drejtp\u00ebrdrejt\u00eb. Dim\u00eb q\u00eb n\u00ebp\u00ebr ambasadat tona kudo n\u00ebp\u00ebr bot\u00eb e kan\u00eb pasur k\u00ebt\u00eb problem. Mund t\u00eb flas vet\u00eb p\u00ebr ambasad\u00ebn n\u00eb Mynih dhe n\u00eb Vjen\u00eb ku kam jetuar. Ato pak her\u00eb\u00a0<\/em><em>kur e gjejn\u00eb koh\u00ebn p\u00ebr t\u2019u p\u00ebrgjigjur, nga Ambasada si institucion dhe zyrtar\u00ebt kan\u00eb nj\u00eb sjellje jasht\u00ebzakonisht arrogante. Sillen sikur t\u00eb ishin profet\u00eb ose t\u00eb zgjedhur nga Zoti dhe jo sh\u00ebrbyes t\u00eb njer\u00ebzve si qytetar\u00eb. Fatkeq\u00ebsi e madhe p\u00ebr tradit\u00ebn e dob\u00ebt institucionale q\u00eb kemi.\u201d<\/em><\/p>\n<p>Kjo ishte protesta e kat\u00ebrt e diaspor\u00ebs shqiptare q\u00eb pas shkeljes s\u00eb afateve p\u00ebr zbatimin e vendimit t\u00eb Gjykat\u00ebs Kushtetuese, q\u00eb i la n\u00eb dor\u00eb Kuvendit nj\u00eb vit m\u00eb par\u00eb plot\u00ebsimin e boshll\u00ebkut ligjor q\u00eb pengon votimin e emigrant\u00ebve p\u00ebr zgjedhjet n\u00eb Shqip\u00ebri.<\/p>\n<p>T\u00eb ngjashme jan\u00eb mbajtur edhe n\u00eb Mynih, Vjen\u00eb dhe Shtutgard, nd\u00ebrsa sipas Arb\u00ebr Lleshit kjo form\u00eb organike e protest\u00ebs do t\u00eb vijoj\u00eb edhe n\u00eb Lond\u00ebr, Hag\u00eb dhe Uashington.<\/p>\n","protected":false},"excerpt":{"rendered":"<p>Kryeministri Edi Rama pas Athin\u00ebs do t\u00eb vijoj\u00eb turin e tij t\u00eb takimeve me diaspor\u00ebn m\u00eb 26 maj n\u00eb Milano, por n\u00eb prag t\u00eb k\u00ebtij takimi me emigrant\u00ebt, disa dhjet\u00ebra prej tyre q\u00eb jetojn\u00eb n\u00eb Itali kan\u00eb protestuar sot para godin\u00ebs s\u00eb Ambasad\u00ebs shqiptare. Tubimi nisi n\u00eb or\u00ebn 11:00 dhe vijoi p\u00ebr m\u00eb shum\u00eb se [&hellip;]<\/p>\n","protected":false},"author":5,"featured_media":74766,"comment_status":"closed","ping_status":"closed","sticky":false,"template":"","format":"standard","meta":{"footnotes":""},"categories":[1,6332],"tags":[31088],"class_list":{"0":"post-74765","1":"post","2":"type-post","3":"status-publish","4":"format-standard","5":"has-post-thumbnail","7":"category-aktualitet","8":"category-te-fundit","9":"tag-diaspora-proteston-ne-milano-ne-prag-te-takimit-te-rames-me-emigrantet"},"_links":{"self":[{"href":"https:\/\/jugulajm.net\/index.php?rest_route=\/wp\/v2\/posts\/74765","targetHints":{"allow":["GET"]}}],"collection":[{"href":"https:\/\/jugulajm.net\/index.php?rest_route=\/wp\/v2\/posts"}],"about":[{"href":"https:\/\/jugulajm.net\/index.php?rest_route=\/wp\/v2\/types\/post"}],"author":[{"embeddable":true,"href":"https:\/\/jugulajm.net\/index.php?rest_route=\/wp\/v2\/users\/5"}],"replies":[{"embeddable":true,"href":"https:\/\/jugulajm.net\/index.php?rest_route=%2Fwp%2Fv2%2Fcomments&post=74765"}],"version-history":[{"count":0,"href":"https:\/\/jugulajm.net\/index.php?rest_route=\/wp\/v2\/posts\/74765\/revisions"}],"wp:featuredmedia":[{"embeddable":true,"href":"https:\/\/jugulajm.net\/index.php?rest_route=\/wp\/v2\/media\/74766"}],"wp:attachment":[{"href":"https:\/\/jugulajm.net\/index.php?rest_route=%2Fwp%2Fv2%2Fmedia&parent=74765"}],"wp:term":[{"taxonomy":"category","embeddable":true,"href":"https:\/\/jugulajm.net\/index.php?rest_route=%2Fwp%2Fv2%2Fcategories&post=74765"},{"taxonomy":"post_tag","embeddable":true,"href":"https:\/\/jugulajm.net\/index.php?rest_route=%2Fwp%2Fv2%2Ftags&post=74765"}],"curies":[{"name":"wp","href":"https:\/\/api.w.org\/{rel}","templated":true}]}}