{"id":74730,"date":"2024-05-17T13:05:00","date_gmt":"2024-05-17T11:05:00","guid":{"rendered":"https:\/\/jugulajm.net\/?p=74730"},"modified":"2024-05-17T13:05:00","modified_gmt":"2024-05-17T11:05:00","slug":"emrat-ne-pranga-nga-spak-vellai-dhe-kusheriri-i-deputetit-socialist","status":"publish","type":"post","link":"https:\/\/jugulajm.net\/?p=74730","title":{"rendered":"EMRAT\/ N\u00eb pranga nga SPAK v\u00ebllai dhe kush\u00ebriri i deputetit socialist"},"content":{"rendered":"<p>Armando Ndreca dhe Elvis Ndreca, p\u00ebrkat\u00ebsisht v\u00ebllai i deputetit t\u00eb PS, Eduard Ndreca dhe kush\u00ebriri i tij jan\u00eb v\u00ebn\u00eb n\u00eb pranga sot me urdh\u00ebr t\u00eb SPAK.<\/p>\n<p>Armando Ndreca, uarrestua pak jav\u00eb m\u00eb par\u00eb p\u00ebr dyshime p\u00ebr trafik kanabisi por u lirua m\u00eb 13 prill.<\/p>\n<p>Pavar\u00ebsisht se\u00a0prokuroria e Lezh\u00ebs\u00a0k\u00ebrkoi \u201carrest me burg\u201d p\u00ebr Armando Ndrec\u00ebn, v\u00ebllain e deputetit t\u00eb PS, Eduart Ndreca, gjykata vendosi ta\u00a0liroj\u00eb nga qelia\u00a0duke e l\u00ebn\u00eb me caktimin e mas\u00ebs \u201cdetyrim paraqitje\u201d.<\/p>\n","protected":false},"excerpt":{"rendered":"<p>Armando Ndreca dhe Elvis Ndreca, p\u00ebrkat\u00ebsisht v\u00ebllai i deputetit t\u00eb PS, Eduard Ndreca dhe kush\u00ebriri i tij jan\u00eb v\u00ebn\u00eb n\u00eb pranga sot me urdh\u00ebr t\u00eb SPAK. Armando Ndreca, uarrestua pak jav\u00eb m\u00eb par\u00eb p\u00ebr dyshime p\u00ebr trafik kanabisi por u lirua m\u00eb 13 prill. Pavar\u00ebsisht se\u00a0prokuroria e Lezh\u00ebs\u00a0k\u00ebrkoi \u201carrest me burg\u201d p\u00ebr Armando Ndrec\u00ebn, v\u00ebllain [&hellip;]<\/p>\n","protected":false},"author":5,"featured_media":74731,"comment_status":"closed","ping_status":"closed","sticky":false,"template":"","format":"standard","meta":{"footnotes":""},"categories":[1,6332,29228],"tags":[31073],"class_list":{"0":"post-74730","1":"post","2":"type-post","3":"status-publish","4":"format-standard","5":"has-post-thumbnail","7":"category-aktualitet","8":"category-te-fundit","9":"category-vendi","10":"tag-emrat-ne-pranga-nga-spak-vellai-dhe-kusheriri-i-deputetit-socialist"},"_links":{"self":[{"href":"https:\/\/jugulajm.net\/index.php?rest_route=\/wp\/v2\/posts\/74730","targetHints":{"allow":["GET"]}}],"collection":[{"href":"https:\/\/jugulajm.net\/index.php?rest_route=\/wp\/v2\/posts"}],"about":[{"href":"https:\/\/jugulajm.net\/index.php?rest_route=\/wp\/v2\/types\/post"}],"author":[{"embeddable":true,"href":"https:\/\/jugulajm.net\/index.php?rest_route=\/wp\/v2\/users\/5"}],"replies":[{"embeddable":true,"href":"https:\/\/jugulajm.net\/index.php?rest_route=%2Fwp%2Fv2%2Fcomments&post=74730"}],"version-history":[{"count":0,"href":"https:\/\/jugulajm.net\/index.php?rest_route=\/wp\/v2\/posts\/74730\/revisions"}],"wp:featuredmedia":[{"embeddable":true,"href":"https:\/\/jugulajm.net\/index.php?rest_route=\/wp\/v2\/media\/74731"}],"wp:attachment":[{"href":"https:\/\/jugulajm.net\/index.php?rest_route=%2Fwp%2Fv2%2Fmedia&parent=74730"}],"wp:term":[{"taxonomy":"category","embeddable":true,"href":"https:\/\/jugulajm.net\/index.php?rest_route=%2Fwp%2Fv2%2Fcategories&post=74730"},{"taxonomy":"post_tag","embeddable":true,"href":"https:\/\/jugulajm.net\/index.php?rest_route=%2Fwp%2Fv2%2Ftags&post=74730"}],"curies":[{"name":"wp","href":"https:\/\/api.w.org\/{rel}","templated":true}]}}