{"id":74687,"date":"2024-05-16T12:28:55","date_gmt":"2024-05-16T10:28:55","guid":{"rendered":"https:\/\/jugulajm.net\/?p=74687"},"modified":"2024-05-16T12:28:55","modified_gmt":"2024-05-16T10:28:55","slug":"emri-foto-ja-kush-eshte-shqiptari-50-vjecar-qe-vrau-me-thike-gruan-ne-greqi","status":"publish","type":"post","link":"https:\/\/jugulajm.net\/?p=74687","title":{"rendered":"EMRI-FOTO\/ Ja kush \u00ebsht\u00eb shqiptari 50-vje\u00e7ar, q\u00eb vrau me thik\u00eb gruan n\u00eb Greqi"},"content":{"rendered":"<p>Personi n\u00eb foto \u00ebsht\u00eb Eduart Danaj, nga Vlora, i cili akuzohet se ka vrar\u00eb me thik\u00eb bashk\u00ebshorten e tij Enkelejda Danaj, n\u00eb Greqi.<\/p>\n<p>Shqiptarja 40-vje\u00e7are u gjet e masakruar me thik\u00eb m\u00ebngjesin e sot\u00ebm n\u00eb Medin\u00eb t\u00eb Greqis\u00eb.<\/p>\n<p>Autori i k\u00ebsaj ngjarje t\u00eb r\u00ebnd\u00eb dyshohet se \u00ebsht\u00eb bashk\u00ebshorti i saj, i identifikuar si Eduart Danaj, 50 vje\u00e7.<\/p>\n<p>50-vje\u00e7ari \u00ebsht\u00eb shpallur n\u00eb k\u00ebrkim nga policia greke, i dyshuar autor i k\u00ebsaj vrasje, pasi edhe m\u00eb her\u00ebt Enkelejda Denaj, e kishte denoncuar tre her\u00eb bashk\u00ebshortin e saj p\u00ebr dhun\u00eb n\u00eb familje.<\/p>\n","protected":false},"excerpt":{"rendered":"<p>Personi n\u00eb foto \u00ebsht\u00eb Eduart Danaj, nga Vlora, i cili akuzohet se ka vrar\u00eb me thik\u00eb bashk\u00ebshorten e tij Enkelejda Danaj, n\u00eb Greqi. Shqiptarja 40-vje\u00e7are u gjet e masakruar me thik\u00eb m\u00ebngjesin e sot\u00ebm n\u00eb Medin\u00eb t\u00eb Greqis\u00eb. Autori i k\u00ebsaj ngjarje t\u00eb r\u00ebnd\u00eb dyshohet se \u00ebsht\u00eb bashk\u00ebshorti i saj, i identifikuar si Eduart Danaj, [&hellip;]<\/p>\n","protected":false},"author":5,"featured_media":74688,"comment_status":"closed","ping_status":"closed","sticky":false,"template":"","format":"standard","meta":{"footnotes":""},"categories":[1,6332],"tags":[31056,31057],"class_list":{"0":"post-74687","1":"post","2":"type-post","3":"status-publish","4":"format-standard","5":"has-post-thumbnail","7":"category-aktualitet","8":"category-te-fundit","9":"tag-emri-foto-ja-kush-eshte-shqiptari-50-vjecar","10":"tag-qe-vrau-me-thike-gruan-ne-greqi"},"_links":{"self":[{"href":"https:\/\/jugulajm.net\/index.php?rest_route=\/wp\/v2\/posts\/74687","targetHints":{"allow":["GET"]}}],"collection":[{"href":"https:\/\/jugulajm.net\/index.php?rest_route=\/wp\/v2\/posts"}],"about":[{"href":"https:\/\/jugulajm.net\/index.php?rest_route=\/wp\/v2\/types\/post"}],"author":[{"embeddable":true,"href":"https:\/\/jugulajm.net\/index.php?rest_route=\/wp\/v2\/users\/5"}],"replies":[{"embeddable":true,"href":"https:\/\/jugulajm.net\/index.php?rest_route=%2Fwp%2Fv2%2Fcomments&post=74687"}],"version-history":[{"count":0,"href":"https:\/\/jugulajm.net\/index.php?rest_route=\/wp\/v2\/posts\/74687\/revisions"}],"wp:featuredmedia":[{"embeddable":true,"href":"https:\/\/jugulajm.net\/index.php?rest_route=\/wp\/v2\/media\/74688"}],"wp:attachment":[{"href":"https:\/\/jugulajm.net\/index.php?rest_route=%2Fwp%2Fv2%2Fmedia&parent=74687"}],"wp:term":[{"taxonomy":"category","embeddable":true,"href":"https:\/\/jugulajm.net\/index.php?rest_route=%2Fwp%2Fv2%2Fcategories&post=74687"},{"taxonomy":"post_tag","embeddable":true,"href":"https:\/\/jugulajm.net\/index.php?rest_route=%2Fwp%2Fv2%2Ftags&post=74687"}],"curies":[{"name":"wp","href":"https:\/\/api.w.org\/{rel}","templated":true}]}}