{"id":74683,"date":"2024-05-16T11:45:01","date_gmt":"2024-05-16T09:45:01","guid":{"rendered":"https:\/\/jugulajm.net\/?p=74683"},"modified":"2024-05-16T11:46:32","modified_gmt":"2024-05-16T09:46:32","slug":"emri-foto-ja-kush-eshte-40-vjecarja-shqiptare-qe-u-vra-me-thike-ne-greqi","status":"publish","type":"post","link":"https:\/\/jugulajm.net\/?p=74683","title":{"rendered":"EMRI-FOTO\/ Ja kush \u00ebsht\u00eb 40-vje\u00e7arja shqiptare, q\u00eb u vra me thik\u00eb n\u00eb Greqi"},"content":{"rendered":"<p>Kjo \u00ebsht\u00eb 40-vje\u00e7arja shqiptare, Enkelejda Danaj, e cila u vra nga ish-bashk\u00ebshorti n\u00eb Athin\u00eb.<\/p>\n<p>Sipas policis\u00eb greke aie goditi me thik\u00eb n\u00eb bark m\u00ebngjesin e sot\u00ebm dhe u largua nga vendi i ngjarjes.<\/p>\n<p>Mediat greke kan\u00eb publikuar fotot e 40-vje\u00e7ares, nd\u00ebrsa 50-vje\u00e7ari Eduart Danaj, \u00ebsht\u00eb shpallur n\u00eb k\u00ebrkim nga policia.<\/p>\n<p>Ajo ishte n\u00ebn\u00eb e 2 f\u00ebmij\u00ebve, nd\u00ebrsa kishte denoncuar 3 her\u00eb n\u00eb polici dhun\u00ebn nga bashk\u00ebshorti.<\/p>\n","protected":false},"excerpt":{"rendered":"<p>Kjo \u00ebsht\u00eb 40-vje\u00e7arja shqiptare, Enkelejda Danaj, e cila u vra nga ish-bashk\u00ebshorti n\u00eb Athin\u00eb. Sipas policis\u00eb greke aie goditi me thik\u00eb n\u00eb bark m\u00ebngjesin e sot\u00ebm dhe u largua nga vendi i ngjarjes. Mediat greke kan\u00eb publikuar fotot e 40-vje\u00e7ares, nd\u00ebrsa 50-vje\u00e7ari Eduart Danaj, \u00ebsht\u00eb shpallur n\u00eb k\u00ebrkim nga policia. Ajo ishte n\u00ebn\u00eb e 2 [&hellip;]<\/p>\n","protected":false},"author":5,"featured_media":74684,"comment_status":"closed","ping_status":"closed","sticky":false,"template":"","format":"standard","meta":{"footnotes":""},"categories":[1,6332],"tags":[31054,31055],"class_list":{"0":"post-74683","1":"post","2":"type-post","3":"status-publish","4":"format-standard","5":"has-post-thumbnail","7":"category-aktualitet","8":"category-te-fundit","9":"tag-emri-foto-ja-kush-eshte-40-vjecarja-shqiptare","10":"tag-qe-u-vra-me-thike-ne-greqi"},"_links":{"self":[{"href":"https:\/\/jugulajm.net\/index.php?rest_route=\/wp\/v2\/posts\/74683","targetHints":{"allow":["GET"]}}],"collection":[{"href":"https:\/\/jugulajm.net\/index.php?rest_route=\/wp\/v2\/posts"}],"about":[{"href":"https:\/\/jugulajm.net\/index.php?rest_route=\/wp\/v2\/types\/post"}],"author":[{"embeddable":true,"href":"https:\/\/jugulajm.net\/index.php?rest_route=\/wp\/v2\/users\/5"}],"replies":[{"embeddable":true,"href":"https:\/\/jugulajm.net\/index.php?rest_route=%2Fwp%2Fv2%2Fcomments&post=74683"}],"version-history":[{"count":0,"href":"https:\/\/jugulajm.net\/index.php?rest_route=\/wp\/v2\/posts\/74683\/revisions"}],"wp:featuredmedia":[{"embeddable":true,"href":"https:\/\/jugulajm.net\/index.php?rest_route=\/wp\/v2\/media\/74684"}],"wp:attachment":[{"href":"https:\/\/jugulajm.net\/index.php?rest_route=%2Fwp%2Fv2%2Fmedia&parent=74683"}],"wp:term":[{"taxonomy":"category","embeddable":true,"href":"https:\/\/jugulajm.net\/index.php?rest_route=%2Fwp%2Fv2%2Fcategories&post=74683"},{"taxonomy":"post_tag","embeddable":true,"href":"https:\/\/jugulajm.net\/index.php?rest_route=%2Fwp%2Fv2%2Ftags&post=74683"}],"curies":[{"name":"wp","href":"https:\/\/api.w.org\/{rel}","templated":true}]}}