{"id":74667,"date":"2024-05-16T08:44:46","date_gmt":"2024-05-16T06:44:46","guid":{"rendered":"https:\/\/jugulajm.net\/?p=74667"},"modified":"2024-05-16T08:45:12","modified_gmt":"2024-05-16T06:45:12","slug":"emri-identifikohet-40-vjecarja-shqiptare-e-vrare-ne-greqi-dyshohet-se","status":"publish","type":"post","link":"https:\/\/jugulajm.net\/?p=74667","title":{"rendered":"EMRI\/ Identifikohet 40-vje\u00e7arja shqiptare e vrar\u00eb n\u00eb Greqi, dyshohet se&#8230;"},"content":{"rendered":"<p>Enkelejda Danaj\u00a0\u00ebsht\u00eb 40-vje\u00e7arja shqiptare q\u00eb u godit me thik\u00eb p\u00ebr vdekje n\u00eb Greqi dhe u la e pajet\u00eb n\u00eb mes t\u00eb rrug\u00ebs.<\/p>\n<p>Danaj\u00a0\u00ebsht\u00eb gjetur e pajet\u00eb n\u00eb rrug\u00eb\u00a0n\u00eb Menidi, n\u00eb Greqi nga kalimtar\u00ebt.<\/p>\n<p>Mediat greke raportojn\u00eb se shqiptarja \u00ebsht\u00eb goditur me thik\u00eb n\u00eb bark, nd\u00ebrsa pran\u00eb saj \u00ebsht\u00eb gjetur nj\u00eb \u00e7ant\u00eb.<\/p>\n<p>40-vje\u00e7arja u gjet e pajet\u00eb n\u00eb kryq\u00ebzimin e rrug\u00ebve Parnithos dhe Aristotelous, nj\u00eb nga pikat m\u00eb qendrore t\u00eb Menidit.<\/p>\n<p>Vler\u00ebsimi i par\u00eb i policis\u00eb q\u00eb ka shkuar n\u00eb vendngjarje \u00ebsht\u00eb se b\u00ebhet fjal\u00eb p\u00ebr nj\u00eb vrasje.<\/p>\n<p>Pas identifikimit t\u00eb gruas,\u00a0ka rezultuar se ajo kishte b\u00ebr\u00eb\u00a0dy denoncime p\u00ebr dhun\u00eb n\u00eb familje ndaj ish-bashk\u00ebshortit t\u00eb saj, i cili tashm\u00eb \u00ebsht\u00eb n\u00eb sh\u00ebnjest\u00ebr t\u00eb autoriteteve dhe n\u00eb k\u00ebrkim.<\/p>\n","protected":false},"excerpt":{"rendered":"<p>Enkelejda Danaj\u00a0\u00ebsht\u00eb 40-vje\u00e7arja shqiptare q\u00eb u godit me thik\u00eb p\u00ebr vdekje n\u00eb Greqi dhe u la e pajet\u00eb n\u00eb mes t\u00eb rrug\u00ebs. Danaj\u00a0\u00ebsht\u00eb gjetur e pajet\u00eb n\u00eb rrug\u00eb\u00a0n\u00eb Menidi, n\u00eb Greqi nga kalimtar\u00ebt. Mediat greke raportojn\u00eb se shqiptarja \u00ebsht\u00eb goditur me thik\u00eb n\u00eb bark, nd\u00ebrsa pran\u00eb saj \u00ebsht\u00eb gjetur nj\u00eb \u00e7ant\u00eb. 40-vje\u00e7arja u gjet e [&hellip;]<\/p>\n","protected":false},"author":5,"featured_media":56952,"comment_status":"closed","ping_status":"closed","sticky":false,"template":"","format":"standard","meta":{"footnotes":""},"categories":[1,6332],"tags":[23094,31045],"class_list":{"0":"post-74667","1":"post","2":"type-post","3":"status-publish","4":"format-standard","5":"has-post-thumbnail","7":"category-aktualitet","8":"category-te-fundit","9":"tag-dyshohet-se","10":"tag-emri-identifikohet-40-vjecarja-shqiptare-e-vrare-ne-greqi"},"_links":{"self":[{"href":"https:\/\/jugulajm.net\/index.php?rest_route=\/wp\/v2\/posts\/74667","targetHints":{"allow":["GET"]}}],"collection":[{"href":"https:\/\/jugulajm.net\/index.php?rest_route=\/wp\/v2\/posts"}],"about":[{"href":"https:\/\/jugulajm.net\/index.php?rest_route=\/wp\/v2\/types\/post"}],"author":[{"embeddable":true,"href":"https:\/\/jugulajm.net\/index.php?rest_route=\/wp\/v2\/users\/5"}],"replies":[{"embeddable":true,"href":"https:\/\/jugulajm.net\/index.php?rest_route=%2Fwp%2Fv2%2Fcomments&post=74667"}],"version-history":[{"count":0,"href":"https:\/\/jugulajm.net\/index.php?rest_route=\/wp\/v2\/posts\/74667\/revisions"}],"wp:featuredmedia":[{"embeddable":true,"href":"https:\/\/jugulajm.net\/index.php?rest_route=\/wp\/v2\/media\/56952"}],"wp:attachment":[{"href":"https:\/\/jugulajm.net\/index.php?rest_route=%2Fwp%2Fv2%2Fmedia&parent=74667"}],"wp:term":[{"taxonomy":"category","embeddable":true,"href":"https:\/\/jugulajm.net\/index.php?rest_route=%2Fwp%2Fv2%2Fcategories&post=74667"},{"taxonomy":"post_tag","embeddable":true,"href":"https:\/\/jugulajm.net\/index.php?rest_route=%2Fwp%2Fv2%2Ftags&post=74667"}],"curies":[{"name":"wp","href":"https:\/\/api.w.org\/{rel}","templated":true}]}}