{"id":74584,"date":"2024-05-13T14:54:17","date_gmt":"2024-05-13T12:54:17","guid":{"rendered":"https:\/\/jugulajm.net\/?p=74584"},"modified":"2024-05-13T14:54:17","modified_gmt":"2024-05-13T12:54:17","slug":"lajm-i-fundit-e-rende-djali-vret-nenen-me-thike","status":"publish","type":"post","link":"https:\/\/jugulajm.net\/?p=74584","title":{"rendered":"LAJM I FUNDIT\/ E r\u00ebnd\u00eb, djali vret n\u00ebn\u00ebn me thik\u00eb"},"content":{"rendered":"<p>Nj\u00eb krim n\u00eb familje \u00ebsht\u00eb sh\u00ebnuar dit\u00ebn e sotme n\u00eb Lezh\u00eb, ku djali ka vrar\u00eb n\u00ebn\u00ebn e tij.<\/p>\n<p>Nga t\u00eb dh\u00ebnat paraprake m\u00ebsohet se djali ka goditur me thik\u00eb n\u00ebn\u00ebn e tij duke e l\u00ebn\u00eb t\u00eb vdekur n\u00eb vend.<\/p>\n<div class=\"jeg_ad jeg_ad_article jnews_content_inline_2_ads  \">\n<div class=\"ads-wrapper align-center \">\n<div class=\"ads_code\"><\/div>\n<\/div>\n<\/div>\n<p>Ngjarja ka ndodhur n\u00eb bulevardin \u201cGjergj Fishta\u201d, nd\u00ebrkoh\u00eb q\u00eb pas krimit policia ka arrestuar t\u00eb dyshuarin.<\/p>\n<p>Lidhur me k\u00ebt\u00eb ngjarje detajet jan\u00eb ende t\u00eb pakta, nd\u00ebrkoh\u00eb q\u00eb policia po heton p\u00ebr t\u00eb hedhur drit\u00eb mbi gjith\u00eb sa ka ndodhur.<\/p>\n","protected":false},"excerpt":{"rendered":"<p>Nj\u00eb krim n\u00eb familje \u00ebsht\u00eb sh\u00ebnuar dit\u00ebn e sotme n\u00eb Lezh\u00eb, ku djali ka vrar\u00eb n\u00ebn\u00ebn e tij. Nga t\u00eb dh\u00ebnat paraprake m\u00ebsohet se djali ka goditur me thik\u00eb n\u00ebn\u00ebn e tij duke e l\u00ebn\u00eb t\u00eb vdekur n\u00eb vend. Ngjarja ka ndodhur n\u00eb bulevardin \u201cGjergj Fishta\u201d, nd\u00ebrkoh\u00eb q\u00eb pas krimit policia ka arrestuar t\u00eb dyshuarin. [&hellip;]<\/p>\n","protected":false},"author":5,"featured_media":51533,"comment_status":"closed","ping_status":"closed","sticky":false,"template":"","format":"standard","meta":{"footnotes":""},"categories":[1,6332,29228],"tags":[31001,31000],"class_list":{"0":"post-74584","1":"post","2":"type-post","3":"status-publish","4":"format-standard","5":"has-post-thumbnail","7":"category-aktualitet","8":"category-te-fundit","9":"category-vendi","10":"tag-djali-vret-nenen-me-thike","11":"tag-lajm-i-fundit-e-rende"},"_links":{"self":[{"href":"https:\/\/jugulajm.net\/index.php?rest_route=\/wp\/v2\/posts\/74584","targetHints":{"allow":["GET"]}}],"collection":[{"href":"https:\/\/jugulajm.net\/index.php?rest_route=\/wp\/v2\/posts"}],"about":[{"href":"https:\/\/jugulajm.net\/index.php?rest_route=\/wp\/v2\/types\/post"}],"author":[{"embeddable":true,"href":"https:\/\/jugulajm.net\/index.php?rest_route=\/wp\/v2\/users\/5"}],"replies":[{"embeddable":true,"href":"https:\/\/jugulajm.net\/index.php?rest_route=%2Fwp%2Fv2%2Fcomments&post=74584"}],"version-history":[{"count":0,"href":"https:\/\/jugulajm.net\/index.php?rest_route=\/wp\/v2\/posts\/74584\/revisions"}],"wp:featuredmedia":[{"embeddable":true,"href":"https:\/\/jugulajm.net\/index.php?rest_route=\/wp\/v2\/media\/51533"}],"wp:attachment":[{"href":"https:\/\/jugulajm.net\/index.php?rest_route=%2Fwp%2Fv2%2Fmedia&parent=74584"}],"wp:term":[{"taxonomy":"category","embeddable":true,"href":"https:\/\/jugulajm.net\/index.php?rest_route=%2Fwp%2Fv2%2Fcategories&post=74584"},{"taxonomy":"post_tag","embeddable":true,"href":"https:\/\/jugulajm.net\/index.php?rest_route=%2Fwp%2Fv2%2Ftags&post=74584"}],"curies":[{"name":"wp","href":"https:\/\/api.w.org\/{rel}","templated":true}]}}