{"id":74569,"date":"2024-05-13T10:00:46","date_gmt":"2024-05-13T08:00:46","guid":{"rendered":"https:\/\/jugulajm.net\/?p=74569"},"modified":"2024-05-13T10:30:26","modified_gmt":"2024-05-13T08:30:26","slug":"ndeshkohet-nga-socialistet-gjirokastrite-prefekti-kote-drejt-shkarkimit-ja-kush-do-ta-zevendesoje","status":"publish","type":"post","link":"https:\/\/jugulajm.net\/?p=74569","title":{"rendered":"Nd\u00ebshkohet nga socialist\u00ebt gjirokastrit\u00eb, prefekti Kote drejt shkarkimit, ja kush do t\u2018a z\u00ebvend\u00ebsoj\u00eb&#8230;"},"content":{"rendered":"<p>Tre dit\u00eb m\u00eb par\u00eb socialist\u00ebt gjirokastrit\u00eb iu n\u00ebnshtruan votimeve p\u00ebr t\u00eb zgjedhur delegat\u00ebt p\u00ebr kongresin e ardhsh\u00ebm t\u00eb partis\u00eb s\u00eb tyre.<\/p>\n<p>N\u00eb gar\u00eb kishte emra q\u00eb p\u00ebr an\u00ebtar\u00ebsin\u00eb ishin m\u00eb p\u00ebrfaq\u00ebsuesit me merita dhe kontribiute q\u00eb kan\u00eb n\u00eb PS, sesa p\u00ebr privilegjin q\u00eb g\u00ebzojn\u00eb nga kjo e fundit.<\/p>\n<p>Nderkohe qe me hat\u00ebr ishin vendosur n\u00eb list\u00ebn p\u00ebr t\u2019u votuar si kandidat\u00eb p\u00ebr delegat\u00eb edhe dy emra, Odise Kote dhe Alda Llongo.<\/p>\n<p>I pari prefekti i Gjirokastr\u00ebs, e dyta n\u00ebnkryetarja e Bashkis\u00eb s\u00eb Gjirokastr\u00ebs.<\/p>\n<p>I pari p\u00ebrvecse kontributit t\u00eb pamohuesh\u00ebm n\u00eb publicistik\u00eb, let\u00ebrsi e veprimtari krijuese madje nga penat m\u00eb t\u00eb mprehta n\u00eb vend, ka zero mb\u00ebshtetje n\u00eb gjirin e socialist\u00ebve edhe pse \u00ebsht\u00eb p\u00ebrfaq\u00ebsuesi i Edi Ram\u00ebs n\u00eb jug t\u00eb vendit.<\/p>\n<p>N\u00eb votimin e socialist\u00ebve, Odise Koten e mundi nj\u00eb djalosh nga Picari i papun\u00eb, me kontribute shum\u00eb her\u00eb m\u00eb t\u00eb m\u00ebdha sesa Kote. Ai \u00ebsht\u00eb Martin Gorrici, i cili pa asnj\u00eb mb\u00ebshtetje, pa administrat\u00eb pas vetes ashtu sikurse kishte zoti Kote plot 120 t\u00eb till\u00eb, turp\u00ebroi prefektin e Gjirokastr\u00ebs duke i treguar gishtin (jo t\u00eb mesit) dhe treguar forc\u00ebn e an\u00ebtar\u00ebsis\u00eb socialiste.<\/p>\n<p>Ky posht\u00ebrim q\u00eb an\u00ebtar\u00ebsia socialiste i b\u00ebri prefektit Kote, do t\u00eb ket\u00eb pasoja n\u00eb t\u00eb ardhshmen e af\u00ebrt. Burime nga PS konfirmojn\u00eb p\u00ebr Jugulajm.net se procesi zgjodhor mes socialist\u00ebve ka qen\u00eb korrekt dhe i pakontestuesh\u00ebm.<\/p>\n<p>Duhet theksuar q\u00eb mbar\u00eb procesi \u00ebsht\u00eb administruar e menaxhuar me korrekt\u00ebsi dhe profesionaliz\u00ebm prej Nertil Nebiajt, sekretari i p\u00ebrgjithsh\u00ebm i Bashkis\u00eb Gjirokast\u00ebr.<\/p>\n<p>Humbja e turpshme e prefektit t\u00eb Gjirokastr\u00ebs nga vota e socialist\u00ebve, nxori n\u00eb pah dhe l\u00ebvizjen e ardhshme n\u00eb krye t\u00eb prefektur\u00ebs, kur mbeten 10 muaj nga zgjedhjet e p\u00ebrgjithshme.<\/p>\n<p>Shkarkimi i prefektit Kote \u00ebsht\u00eb i pashmangsh\u00ebm dhe pritet t\u00eb ndodh\u00eb n\u00eb muajin shtator. Burimet nga PS konfirmojn\u00eb p\u00ebr Jugulajm.net se \u00ebsht\u00eb gjetur dhe pasuesja i tij.<\/p>\n<p>Behet fjale per Albana Hasanaj, drejtoresha e Zyr\u00ebs Arsimore Gjirokast\u00ebr. Zonja Hasanaj \u00ebsht\u00eb nj\u00eb em\u00ebr me pesh\u00eb n\u00eb elektoratin socialist dhe dinjitoze n\u00eb k\u00ebndv\u00ebshtrimin profesional, politik e moral.<\/p>\n<p>K\u00ebshtu, koha kur zoti Kote kalkulonte l\u00ebvizjet nga &#8221;f\u00ebrngjia&#8221; e Institucionit t\u00eb Prefektit pa b\u00ebr\u00eb hesapet me verdiktin e socialist\u00ebve po i afrohet fundi, nj\u00ebsoj sikurse kur i soset vaji kandilit.<\/p>\n","protected":false},"excerpt":{"rendered":"<p>Tre dit\u00eb m\u00eb par\u00eb socialist\u00ebt gjirokastrit\u00eb iu n\u00ebnshtruan votimeve p\u00ebr t\u00eb zgjedhur delegat\u00ebt p\u00ebr kongresin e ardhsh\u00ebm t\u00eb partis\u00eb s\u00eb tyre. N\u00eb gar\u00eb kishte emra q\u00eb p\u00ebr an\u00ebtar\u00ebsin\u00eb ishin m\u00eb p\u00ebrfaq\u00ebsuesit me merita dhe kontribiute q\u00eb kan\u00eb n\u00eb PS, sesa p\u00ebr privilegjin q\u00eb g\u00ebzojn\u00eb nga kjo e fundit. Nderkohe qe me hat\u00ebr ishin vendosur n\u00eb [&hellip;]<\/p>\n","protected":false},"author":5,"featured_media":74570,"comment_status":"closed","ping_status":"closed","sticky":false,"template":"","format":"standard","meta":{"footnotes":""},"categories":[6326,6332,29228],"tags":[30996,30994,30995],"class_list":{"0":"post-74569","1":"post","2":"type-post","3":"status-publish","4":"format-standard","5":"has-post-thumbnail","7":"category-politike","8":"category-te-fundit","9":"category-vendi","10":"tag-ja-kush-do-ta-zevendesoje","11":"tag-ndeshkohet-nga-socialistet-gjirokastrite","12":"tag-prefekti-kote-drejt-shkarkimit"},"_links":{"self":[{"href":"https:\/\/jugulajm.net\/index.php?rest_route=\/wp\/v2\/posts\/74569","targetHints":{"allow":["GET"]}}],"collection":[{"href":"https:\/\/jugulajm.net\/index.php?rest_route=\/wp\/v2\/posts"}],"about":[{"href":"https:\/\/jugulajm.net\/index.php?rest_route=\/wp\/v2\/types\/post"}],"author":[{"embeddable":true,"href":"https:\/\/jugulajm.net\/index.php?rest_route=\/wp\/v2\/users\/5"}],"replies":[{"embeddable":true,"href":"https:\/\/jugulajm.net\/index.php?rest_route=%2Fwp%2Fv2%2Fcomments&post=74569"}],"version-history":[{"count":0,"href":"https:\/\/jugulajm.net\/index.php?rest_route=\/wp\/v2\/posts\/74569\/revisions"}],"wp:featuredmedia":[{"embeddable":true,"href":"https:\/\/jugulajm.net\/index.php?rest_route=\/wp\/v2\/media\/74570"}],"wp:attachment":[{"href":"https:\/\/jugulajm.net\/index.php?rest_route=%2Fwp%2Fv2%2Fmedia&parent=74569"}],"wp:term":[{"taxonomy":"category","embeddable":true,"href":"https:\/\/jugulajm.net\/index.php?rest_route=%2Fwp%2Fv2%2Fcategories&post=74569"},{"taxonomy":"post_tag","embeddable":true,"href":"https:\/\/jugulajm.net\/index.php?rest_route=%2Fwp%2Fv2%2Ftags&post=74569"}],"curies":[{"name":"wp","href":"https:\/\/api.w.org\/{rel}","templated":true}]}}