{"id":74484,"date":"2024-05-10T11:55:56","date_gmt":"2024-05-10T09:55:56","guid":{"rendered":"https:\/\/jugulajm.net\/?p=74484"},"modified":"2024-05-10T11:56:28","modified_gmt":"2024-05-10T09:56:28","slug":"apeli-jep-vendimin-per-ish-sekretaren-ministrise-se-shendetesise-ja-sa-vite-burg","status":"publish","type":"post","link":"https:\/\/jugulajm.net\/?p=74484","title":{"rendered":"Apeli jep vendimin p\u00ebr ish-sekretaren e Ministris\u00eb s\u00eb Sh\u00ebndet\u00ebsis\u00eb, ja sa vite burg&#8230;"},"content":{"rendered":"<p class=\"selectionShareable\">Apeli i GJKKO ka l\u00ebn\u00eb n\u00eb fuqi d\u00ebnimin me 2 vite e 8 muaj burg p\u00ebr ish-sekretaren e ministris\u00eb s\u00eb Sh\u00ebndet\u00ebsis\u00eb, Joana Duro, n\u00ebn akuz\u00eb p\u00ebr korrupsion me tenderin p\u00ebr supervizimin p\u00ebr rikonstruksionin e qendrave sh\u00ebndet\u00ebsore n\u00eb Tiran\u00eb dhe Durr\u00ebs.<\/p>\n<p class=\"selectionShareable\">Sipas SPAK, Joana Duro, mori ryshfet 330 mij\u00eb lek\u00eb p\u00ebr t\u00eb favorizuar kompanin\u00eb \u2018DRICONS\u2019 p\u00ebr t\u00eb fituar tenderin. Duro ndodhet n\u00eb burg q\u00eb prej 5 qershorit 2023, nd\u00ebrsa GJKKO nuk ka pranuar q\u00eb t\u2019i leht\u00ebsoj\u00eb mas\u00ebn. Ajo akuzohet p\u00ebr vepr\u00ebn penale \u201cKorrupsioni pasiv i funksionar\u00ebve t\u00eb lart\u00eb\u201d.<\/p>\n<p class=\"selectionShareable\"><strong>NJOFTIMI I APELIT TE GJKKO<\/strong><\/p>\n<p class=\"selectionShareable\">Gjykata e Posa\u00e7me e Apelit p\u00ebr Korrupsionin dhe Krimin e Organizuar, me trup gjykues t\u00eb p\u00ebrb\u00ebr\u00eb nga gjyqtar\u00ebt Miliana Mu\u00e7a (kryesuese), Dhimit\u00ebr Lara (an\u00ebtar) dhe Engert P\u00ebllumbi (an\u00ebtar), sot m\u00eb dat\u00eb 10.05.2024, shpalli vendimin lidhur me \u00e7\u00ebshtjen e regjistruar me nr. 22 akti, dat\u00eb 18.03.2024 regjistrimi, mbi ankimin e paraqitur nga ankuesit\/t\u00eb pandehurit J.D., V.T., kund\u00ebr vendimit nr. 75, dat\u00eb 13.11.2023 t\u00eb Gjykat\u00ebs s\u00eb Posa\u00e7me t\u00eb Shkall\u00ebs s\u00eb Par\u00eb p\u00ebr Korrupsionin dhe Krimin e Organizuar, q\u00eb ka vendosur:<\/p>\n<p class=\"selectionShareable\">\u2022 \u201cDeklarimin fajtor t\u00eb t\u00eb pandehur\u00ebs J.D., p\u00ebr kryerjen e vepr\u00ebs penale \u201cKorrupsioni pasiv i funksionar\u00ebve t\u00eb lart\u00eb shtet\u00ebror\u00eb ose i t\u00eb zgjedhurve vendor\u00eb\u201d, parashikuar nga neni 260 i Kodit Penal dhe d\u00ebnimin e saj me 4 (kat\u00ebr) vjet burgim.<br \/>\n\u2022 N\u00eb aplikim t\u00eb nenit 406 t\u00eb K.Pr.Penale, uljen e d\u00ebnimit me 1\/3, duke e d\u00ebnuar p\u00ebrfundimisht t\u00eb pandehur\u00ebn J.D. me 2 (dy) vjet e 8 (tet\u00eb) muaj burgim.<br \/>\n\u2022 N\u00eb aplikim t\u00eb nenit 35 t\u00eb Kodit Penal, heqjen e t\u00eb drejt\u00ebs p\u00ebr t\u00eb ushtruar funksione publike p\u00ebr t\u00eb pandehur\u00ebn J.D. p\u00ebr 5 (pes\u00eb) vjet.<\/p>\n<p class=\"selectionShareable\">\u2022 Bazuar n\u00eb nenin 33 t\u00eb Kodit Penal si dhe nenin 15 t\u00eb Ligjit nr. 81\/2020 \u201cP\u00ebr t\u00eb drejtat dhe trajtimin e t\u00eb d\u00ebnuarve me burgim dhe t\u00eb paraburgosurve\u201d, vuajtja e d\u00ebnimit p\u00ebr t\u00eb pandehur\u00ebn J.D. do t\u00eb filloj\u00eb t\u00eb llogaritet nga dita e arrestimit t\u00eb saj dhe do t\u00eb kryhet n\u00eb nj\u00eb nga Institucionet p\u00ebr t\u00eb d\u00ebnuarit e rritur dhe t\u00eb siguris\u00eb s\u00eb zakonshme.<br \/>\n\u2022 Deklarimin fajtor t\u00eb t\u00eb pandehurit V.T., p\u00ebr kryerjen e vepr\u00ebs penale \u201cKorrupsioni aktiv i funksionar\u00ebve t\u00eb lart\u00eb shtet\u00ebror\u00eb ose i t\u00eb zgjedhurve vendor\u00eb\u201d, kryer n\u00eb bashk\u00ebpunim, parashikuar nga nenet 245 e 25 t\u00eb Kodit Penal dhe d\u00ebnimin e tij me 1 (nj\u00eb) vit burgim.<\/p>\n<p class=\"selectionShareable\">\u2022 N\u00eb aplikim t\u00eb nenit 406 t\u00eb K.Pr.Penale, uljen e d\u00ebnimit me 1\/3, duke e d\u00ebnuar p\u00ebrfundimisht t\u00eb pandehurin V.T. me 8 (tet\u00eb) muaj burgim.<br \/>\n\u2022 Bazuar n\u00eb nenin 33 t\u00eb Kodit Penal si dhe nenin 15 t\u00eb Ligjit nr. 81\/2020 \u201cP\u00ebr t\u00eb drejtat dhe trajtimin e t\u00eb d\u00ebnuarve me burgim dhe t\u00eb paraburgosurve\u201d, vuajtja e d\u00ebnimit p\u00ebr t\u00eb pandehurin V.T. do t\u00eb filloj\u00eb t\u00eb llogaritet nga dita e ndalimit t\u00eb tij dhe do t\u00eb kryhet n\u00eb nj\u00eb nga Institucionet p\u00ebr t\u00eb d\u00ebnuarit e rritur dhe t\u00eb siguris\u00eb s\u00eb zakonshme.<\/p>\n<p class=\"selectionShareable\">\u2022 Shpenzimet proceduriale t\u00eb kryera gjat\u00eb faz\u00ebs s\u00eb hetimit paraprak, seanc\u00ebs paraprake dhe gjat\u00eb gjykimit, i\u2019u ngarkohen t\u00eb pandehurve n\u00eb m\u00ebnyr\u00eb solidare.<br \/>\n\u2022 Kund\u00ebr vendimit lejohet apel brenda afatit ligjor, n\u00eb Gjykat\u00ebn e Posa\u00e7me t\u00eb Apelit p\u00ebr Korrupsionin dhe Krimin e Organizuar\u2026\u201d<\/p>\n<p class=\"selectionShareable\">N\u00eb p\u00ebrfundim, Gjykata e Posa\u00e7me e Apelit p\u00ebr Korrupsionin dhe Krimin e Organizuar vendosi:<\/p>\n<p class=\"selectionShareable\">1. Ndryshimin e vendimit nr.75, dat\u00eb 13.11.2023 t\u00eb Gjykat\u00ebs s\u00eb Posa\u00e7me t\u00eb Shkall\u00ebs s\u00eb Par\u00eb p\u00ebr Korrupsionin dhe Krimin e Organizuar si m\u00eb posht\u00eb:<br \/>\n\u2022 Deklarimin fajtor t\u00eb t\u00eb pandehur\u00ebs J.D., p\u00ebr kryerjen e vepr\u00ebs penale \u201cKorrupsioni pasiv i personave q\u00eb ushtrojn\u00eb funksione publike\u201d, e parashikuar nga neni 259, paragrafi dyt\u00eb i Kodit Penal dhe d\u00ebnimin e saj me 4 (kat\u00ebr) vjet burgim.<br \/>\n\u2022 N\u00eb aplikim t\u00eb nenit 406 t\u00eb K.Pr.Penale, uljen e d\u00ebnimit me 1\/3, duke e d\u00ebnuar p\u00ebrfundimisht t\u00eb pandehur\u00ebn J.D. me 2 (dy) vjet e 8 (tet\u00eb) muaj burgim.<\/p>\n<p class=\"selectionShareable\">\u2022 N\u00eb aplikim t\u00eb nenit 35 pika 1 t\u00eb Kodit Penal, heqjen e t\u00eb drejt\u00ebs p\u00ebr t\u00eb ushtruar funksione publike p\u00ebr t\u00eb pandehur\u00ebn J.D. p\u00ebr nj\u00eb periudh\u00eb prej 5 (pes\u00eb) vjet\u00ebsh.<br \/>\n\u2022 Deklarimin fajtor t\u00eb t\u00eb pandehur\u00ebs L.Sh., p\u00ebr kryerjen e vepr\u00ebs penale \u201cKorrupsioni aktiv i personave q\u00eb ushtrojn\u00eb funksione publike\u201d, n\u00eb bashk\u00ebpunim, parashikuar nga neni 244, paragrafi dyt\u00eb, n\u00eb lidhje me 25 t\u00eb Kodit Penal dhe d\u00ebnimin e saj me 1 (nj\u00eb) vit burgim.<br \/>\n\u2022 N\u00eb aplikim t\u00eb nenit 406 t\u00eb K.Pr.Penale, uljen e d\u00ebnimit me 1\/3, duke e d\u00ebnuar p\u00ebrfundimisht t\u00eb pandehur\u00ebn L.Sh. me 8 (tet\u00eb) muaj burgim.<\/p>\n<p class=\"selectionShareable\">\u2022 Deklarimin fajtor t\u00eb t\u00eb pandehurit V.T., p\u00ebr kryerjen e vepr\u00ebs penale \u201cKorrupsioni aktiv i personave q\u00eb ushtrojn\u00eb funksione publike\u201d, n\u00eb bashk\u00ebpunim, parashikuar nga neni 244, paragrafi dyt\u00eb, n\u00eb lidhje me nenin 25 t\u00eb Kodit Penal dhe d\u00ebnimin e tij me 1 (nj\u00eb) vit burgim.<br \/>\n\u2022 N\u00eb aplikim t\u00eb nenit 406 t\u00eb K.Pr.Penale, uljen e d\u00ebnimit me 1\/3, duke e d\u00ebnuar p\u00ebrfundimisht t\u00eb pandehurin V.T. me 8 (tet\u00eb) muaj burgim.<\/p>\n<p class=\"selectionShareable\">\u2022 Deklarimin fajtor t\u00eb t\u00eb pandehurit S.Sh., p\u00ebr kryerjen e vepr\u00ebs penale \u201cKorrupsioni aktiv i personave q\u00eb ushtrojn\u00eb funksione publike\u201d, n\u00eb bashk\u00ebpunim, parashikuar nga neni 244, paragrafi dyt\u00eb, n\u00eb lidhje me nenin 25 t\u00eb Kodit Penal dhe d\u00ebnimin e tij me 1 (nj\u00eb) vit burgim.<br \/>\n\u2022 N\u00eb aplikim t\u00eb nenit 406 t\u00eb K.Pr.Penale, uljen e d\u00ebnimit me 1\/3, duke e d\u00ebnuar p\u00ebrfundimisht t\u00eb pandehurin S.Sh. me 8 (tet\u00eb) muaj burgim.<\/p>\n<p class=\"selectionShareable\">2. L\u00ebnien n\u00eb fuqi t\u00eb vendimit p\u00ebr pjes\u00ebt e tjera t\u00eb tij.<\/p>\n<p class=\"selectionShareable\">3. Shpenzimet gjyq\u00ebsore n\u00eb apel i ngarkohen t\u00eb pandehurve apelues solidarisht.<\/p>\n","protected":false},"excerpt":{"rendered":"<p>Apeli i GJKKO ka l\u00ebn\u00eb n\u00eb fuqi d\u00ebnimin me 2 vite e 8 muaj burg p\u00ebr ish-sekretaren e ministris\u00eb s\u00eb Sh\u00ebndet\u00ebsis\u00eb, Joana Duro, n\u00ebn akuz\u00eb p\u00ebr korrupsion me tenderin p\u00ebr supervizimin p\u00ebr rikonstruksionin e qendrave sh\u00ebndet\u00ebsore n\u00eb Tiran\u00eb dhe Durr\u00ebs. Sipas SPAK, Joana Duro, mori ryshfet 330 mij\u00eb lek\u00eb p\u00ebr t\u00eb favorizuar kompanin\u00eb \u2018DRICONS\u2019 p\u00ebr [&hellip;]<\/p>\n","protected":false},"author":5,"featured_media":60181,"comment_status":"closed","ping_status":"closed","sticky":false,"template":"","format":"standard","meta":{"footnotes":""},"categories":[1,6332],"tags":[30952,28516],"class_list":{"0":"post-74484","1":"post","2":"type-post","3":"status-publish","4":"format-standard","5":"has-post-thumbnail","7":"category-aktualitet","8":"category-te-fundit","9":"tag-apeli-jep-vendimin-per-ish-sekretaren-ministrise-se-shendetesise","10":"tag-ja-sa-vite-burg"},"_links":{"self":[{"href":"https:\/\/jugulajm.net\/index.php?rest_route=\/wp\/v2\/posts\/74484","targetHints":{"allow":["GET"]}}],"collection":[{"href":"https:\/\/jugulajm.net\/index.php?rest_route=\/wp\/v2\/posts"}],"about":[{"href":"https:\/\/jugulajm.net\/index.php?rest_route=\/wp\/v2\/types\/post"}],"author":[{"embeddable":true,"href":"https:\/\/jugulajm.net\/index.php?rest_route=\/wp\/v2\/users\/5"}],"replies":[{"embeddable":true,"href":"https:\/\/jugulajm.net\/index.php?rest_route=%2Fwp%2Fv2%2Fcomments&post=74484"}],"version-history":[{"count":0,"href":"https:\/\/jugulajm.net\/index.php?rest_route=\/wp\/v2\/posts\/74484\/revisions"}],"wp:featuredmedia":[{"embeddable":true,"href":"https:\/\/jugulajm.net\/index.php?rest_route=\/wp\/v2\/media\/60181"}],"wp:attachment":[{"href":"https:\/\/jugulajm.net\/index.php?rest_route=%2Fwp%2Fv2%2Fmedia&parent=74484"}],"wp:term":[{"taxonomy":"category","embeddable":true,"href":"https:\/\/jugulajm.net\/index.php?rest_route=%2Fwp%2Fv2%2Fcategories&post=74484"},{"taxonomy":"post_tag","embeddable":true,"href":"https:\/\/jugulajm.net\/index.php?rest_route=%2Fwp%2Fv2%2Ftags&post=74484"}],"curies":[{"name":"wp","href":"https:\/\/api.w.org\/{rel}","templated":true}]}}