{"id":74463,"date":"2024-05-09T18:44:38","date_gmt":"2024-05-09T16:44:38","guid":{"rendered":"https:\/\/jugulajm.net\/?p=74463"},"modified":"2024-05-09T18:46:51","modified_gmt":"2024-05-09T16:46:51","slug":"emrat-kengetarja-shqiptare-denoncon-bashkeshortin-dhe-vellain-e-saj-per-dhune-ja-detajet","status":"publish","type":"post","link":"https:\/\/jugulajm.net\/?p=74463","title":{"rendered":"EMRAT\/ K\u00ebng\u00ebtarja shqiptare denoncon bashk\u00ebshortin dhe v\u00ebllain e saj p\u00ebr dhun\u00eb, ja detajet&#8230;"},"content":{"rendered":"<p>K\u00ebng\u00ebtarja e njohur kosovare, Teuta Selimi ka denoncuar bashk\u00ebshortin e saj Patrik Neziri dhe t\u00eb v\u00ebllan\u00eb,\u00a0Agron Selimi p\u00ebr dhun\u00eb.<\/p>\n<p>Ajo ka b\u00ebr\u00eb dy denoncimet brenda 48 or\u00ebve, ku fillimisht ka kall\u00ebzuar t\u00eb shoqin dhe m\u00eb pas v\u00ebllain e saj.<\/p>\n<p>Gazeta Sinjali raporton se\u00a0rasti i par\u00eb u raportua n\u00eb or\u00ebt e para t\u00eb s\u00eb m\u00ebrkur\u00ebs, kur\u00a0Teuta Selim shkoi\u00a0n\u00eb polici dhe denoncoi bashk\u00ebshortin p\u00ebr dhun\u00eb.<\/p>\n<p>M\u00ebsohet se fillimisht \u00e7ifti kan\u00eb pasur nj\u00eb konflikt verbal q\u00eb degradoi n\u00eb\u00a0dhun\u00eb fizike. Ajo akuzoi Patrik Nezirin se e ka goditur diaa her\u00eb n\u00eb kok\u00eb.<\/p>\n<p>Por pavar\u00ebsisht,\u00a0Prokurori i Shtetit nuk ka urdh\u00ebruar mas\u00ebn e ndalimit policor, duke e liruar Patrik Nezirin n\u00eb procedur\u00eb t\u00eb rregullt.<\/p>\n<p>Gjithashtu k\u00ebng\u00ebtarja ka k\u00ebrkuar ndihm\u00eb nga Policia edhe mbr\u00ebm\u00eb pas mesnate duke akuzuar t\u00eb v\u00ebllan\u00eb Agron Selimi p\u00ebr dhun\u00eb n\u00eb familje.<\/p>\n<p>Por pavar\u00ebsisht,\u00a0Prokurori i Shtetit nuk ka urdh\u00ebruar mas\u00ebn e ndalimit policor, duke e liruar Patrik Nezirin n\u00eb procedur\u00eb t\u00eb rregullt.<\/p>\n<p>Gjithashtu k\u00ebng\u00ebtarja ka k\u00ebrkuar ndihm\u00eb nga Policia edhe mbr\u00ebm\u00eb pas mesnate duke akuzuar t\u00eb v\u00ebllan\u00eb Agron Selimi p\u00ebr dhun\u00eb n\u00eb familje.<\/p>\n<p>Sipas d\u00ebshmis\u00eb s\u00eb saj, i v\u00ebllai e ka sulmuar fizikisht p\u00ebr shkak t\u00eb nj\u00eb debati q\u00eb kan\u00eb pasur me nj\u00ebri-tjetrin lidhur me denoncimin q\u00eb kishte b\u00ebr\u00eb Teuta Selimi ndaj t\u00eb shoqit p\u00ebr dhun\u00eb.<\/p>\n<p>Me vendim t\u00eb prokurorit, v\u00ebllai i k\u00ebng\u00ebtares \u00ebsht\u00eb d\u00ebrguar n\u00eb mbajtje p\u00ebr 48 or\u00eb dhe ndaj tij \u00ebsht\u00eb iniciuar rasti n\u00eb drejtim t\u00eb vepr\u00ebs penale \u201cDhuna n\u00eb familje\u201d.<\/p>\n","protected":false},"excerpt":{"rendered":"<p>K\u00ebng\u00ebtarja e njohur kosovare, Teuta Selimi ka denoncuar bashk\u00ebshortin e saj Patrik Neziri dhe t\u00eb v\u00ebllan\u00eb,\u00a0Agron Selimi p\u00ebr dhun\u00eb. Ajo ka b\u00ebr\u00eb dy denoncimet brenda 48 or\u00ebve, ku fillimisht ka kall\u00ebzuar t\u00eb shoqin dhe m\u00eb pas v\u00ebllain e saj. Gazeta Sinjali raporton se\u00a0rasti i par\u00eb u raportua n\u00eb or\u00ebt e para t\u00eb s\u00eb m\u00ebrkur\u00ebs, kur\u00a0Teuta [&hellip;]<\/p>\n","protected":false},"author":5,"featured_media":74464,"comment_status":"closed","ping_status":"closed","sticky":false,"template":"","format":"standard","meta":{"footnotes":""},"categories":[1,27451,6332],"tags":[30941,21500],"class_list":{"0":"post-74463","1":"post","2":"type-post","3":"status-publish","4":"format-standard","5":"has-post-thumbnail","7":"category-aktualitet","8":"category-kosova","9":"category-te-fundit","10":"tag-emrat-kengetarja-shqiptare-denoncon-bashkeshortin-dhe-vellain-e-saj-per-dhune","11":"tag-ja-detajet"},"_links":{"self":[{"href":"https:\/\/jugulajm.net\/index.php?rest_route=\/wp\/v2\/posts\/74463","targetHints":{"allow":["GET"]}}],"collection":[{"href":"https:\/\/jugulajm.net\/index.php?rest_route=\/wp\/v2\/posts"}],"about":[{"href":"https:\/\/jugulajm.net\/index.php?rest_route=\/wp\/v2\/types\/post"}],"author":[{"embeddable":true,"href":"https:\/\/jugulajm.net\/index.php?rest_route=\/wp\/v2\/users\/5"}],"replies":[{"embeddable":true,"href":"https:\/\/jugulajm.net\/index.php?rest_route=%2Fwp%2Fv2%2Fcomments&post=74463"}],"version-history":[{"count":0,"href":"https:\/\/jugulajm.net\/index.php?rest_route=\/wp\/v2\/posts\/74463\/revisions"}],"wp:featuredmedia":[{"embeddable":true,"href":"https:\/\/jugulajm.net\/index.php?rest_route=\/wp\/v2\/media\/74464"}],"wp:attachment":[{"href":"https:\/\/jugulajm.net\/index.php?rest_route=%2Fwp%2Fv2%2Fmedia&parent=74463"}],"wp:term":[{"taxonomy":"category","embeddable":true,"href":"https:\/\/jugulajm.net\/index.php?rest_route=%2Fwp%2Fv2%2Fcategories&post=74463"},{"taxonomy":"post_tag","embeddable":true,"href":"https:\/\/jugulajm.net\/index.php?rest_route=%2Fwp%2Fv2%2Ftags&post=74463"}],"curies":[{"name":"wp","href":"https:\/\/api.w.org\/{rel}","templated":true}]}}