{"id":74454,"date":"2024-05-09T12:46:41","date_gmt":"2024-05-09T10:46:41","guid":{"rendered":"https:\/\/jugulajm.net\/?p=74454"},"modified":"2024-05-09T12:48:23","modified_gmt":"2024-05-09T10:48:23","slug":"emri-ja-kush-eshte-28-vjecari-qe-humbi-jeten-duke-rene-nga-lartesia-teksa-punonte","status":"publish","type":"post","link":"https:\/\/jugulajm.net\/?p=74454","title":{"rendered":"EMRI\/ Ja kush \u00ebsht\u00eb 28-vje\u00e7ari q\u00eb humbi jet\u00ebn teksa punonte n\u00eb lart\u00ebsi"},"content":{"rendered":"<p>28 vje\u00e7ari Emiljano Frroku \u00ebsht\u00eb i riu i cili humbi tragjikisht jet\u00ebn m\u00ebngjesin e k\u00ebsaj t\u00eb enjteje, duke u rr\u00ebzuar aksidentalisht nga kati i 9-t\u00eb i nj\u00eb pallati n\u00eb nd\u00ebrtim n\u00eb zon\u00ebn e Sh\u00ebngjinit.<\/p>\n<p>I riu m\u00ebsohet se ishte punonj\u00ebs n\u00eb firm\u00ebn q\u00eb po merrej me nd\u00ebrtimin e objektit.<\/p>\n<p>Konfederata e sindikatave t\u00eb Shqip\u00ebris\u00eb ka reaguar n\u00eb lidhje me rastin, ku ka th\u00ebn\u00eb se shkak i aksidentit dyshohet t\u00eb jet\u00eb mosrespektimi i kushteve t\u00eb siguris\u00eb teknike n\u00eb pun\u00eb nga ana e kompanis\u00eb nd\u00ebrtimit.<\/p>\n<p>\u201cKSSH s\u00eb pari i shpreh ngush\u00ebllime familjes Frroku p\u00ebr humbjen e r\u00ebnd\u00eb.<\/p>\n<p>KSSH i k\u00ebrkon inspektoriatit t\u00eb pun\u00ebs t\u00eb zgjodhet\u00a0 nga gjumi dim\u00ebror dhe t\u00eb ushtroj\u00eb kontrolle n\u00eb mbar\u00eb kantieret e pun\u00ebs n\u00eb Shqip\u00ebri.<\/p>\n<p>Aksidentet n\u00eb pun\u00eb po shkaktojn\u00eb nj\u00eb bilanc lufte, ndaj KSSH k\u00ebrkon t\u00eb merren masa urgjente\u201d, thuhet n\u00eb reagimin e KSSH.<\/p>\n","protected":false},"excerpt":{"rendered":"<p>28 vje\u00e7ari Emiljano Frroku \u00ebsht\u00eb i riu i cili humbi tragjikisht jet\u00ebn m\u00ebngjesin e k\u00ebsaj t\u00eb enjteje, duke u rr\u00ebzuar aksidentalisht nga kati i 9-t\u00eb i nj\u00eb pallati n\u00eb nd\u00ebrtim n\u00eb zon\u00ebn e Sh\u00ebngjinit. I riu m\u00ebsohet se ishte punonj\u00ebs n\u00eb firm\u00ebn q\u00eb po merrej me nd\u00ebrtimin e objektit. Konfederata e sindikatave t\u00eb Shqip\u00ebris\u00eb ka [&hellip;]<\/p>\n","protected":false},"author":5,"featured_media":54477,"comment_status":"closed","ping_status":"closed","sticky":false,"template":"","format":"standard","meta":{"footnotes":""},"categories":[1,6332,29228],"tags":[30937],"class_list":{"0":"post-74454","1":"post","2":"type-post","3":"status-publish","4":"format-standard","5":"has-post-thumbnail","7":"category-aktualitet","8":"category-te-fundit","9":"category-vendi","10":"tag-emri-ja-kush-eshte-28-vjecari-qe-humbi-jeten-teksa-punonte-ne-lartesi"},"_links":{"self":[{"href":"https:\/\/jugulajm.net\/index.php?rest_route=\/wp\/v2\/posts\/74454","targetHints":{"allow":["GET"]}}],"collection":[{"href":"https:\/\/jugulajm.net\/index.php?rest_route=\/wp\/v2\/posts"}],"about":[{"href":"https:\/\/jugulajm.net\/index.php?rest_route=\/wp\/v2\/types\/post"}],"author":[{"embeddable":true,"href":"https:\/\/jugulajm.net\/index.php?rest_route=\/wp\/v2\/users\/5"}],"replies":[{"embeddable":true,"href":"https:\/\/jugulajm.net\/index.php?rest_route=%2Fwp%2Fv2%2Fcomments&post=74454"}],"version-history":[{"count":0,"href":"https:\/\/jugulajm.net\/index.php?rest_route=\/wp\/v2\/posts\/74454\/revisions"}],"wp:featuredmedia":[{"embeddable":true,"href":"https:\/\/jugulajm.net\/index.php?rest_route=\/wp\/v2\/media\/54477"}],"wp:attachment":[{"href":"https:\/\/jugulajm.net\/index.php?rest_route=%2Fwp%2Fv2%2Fmedia&parent=74454"}],"wp:term":[{"taxonomy":"category","embeddable":true,"href":"https:\/\/jugulajm.net\/index.php?rest_route=%2Fwp%2Fv2%2Fcategories&post=74454"},{"taxonomy":"post_tag","embeddable":true,"href":"https:\/\/jugulajm.net\/index.php?rest_route=%2Fwp%2Fv2%2Ftags&post=74454"}],"curies":[{"name":"wp","href":"https:\/\/api.w.org\/{rel}","templated":true}]}}