{"id":74431,"date":"2024-05-09T08:19:54","date_gmt":"2024-05-09T06:19:54","guid":{"rendered":"https:\/\/jugulajm.net\/?p=74431"},"modified":"2024-05-09T08:21:07","modified_gmt":"2024-05-09T06:21:07","slug":"audi-perplas-per-vdekje-76-vjecarin-arrestohet-shoferi-28-vjecar","status":"publish","type":"post","link":"https:\/\/jugulajm.net\/?p=74431","title":{"rendered":"&#8220;Audi&#8221; p\u00ebrplas p\u00ebr vdekje 76-vje\u00e7arin, arrestohet shoferi 28-vje\u00e7ar"},"content":{"rendered":"<div class=\"firstP\">\n<p>Nj\u00eb 28-vje\u00e7ar ka p\u00ebrplasur p\u00ebr vdekje me makin\u00eb k\u00ebmb\u00ebsorin 76-vje\u00e7ar n\u00eb aksin rrugorr \u201cC\u00ebrrik-Pap\u00ebr\u201d.<\/p>\n<\/div>\n<p>Aksidenti ka ndodhur mbr\u00ebmjen e djeshme, ku 28-vje\u00e7ari A.B nga Tirana, duke udh\u00ebtuar me automjetin e tij tip \u201cAudi\u201d, p\u00ebrplasi k\u00ebmb\u00ebsorin 76-vje\u00e7ar A.L, ku si pasoj\u00eb e plag\u00ebve t\u00eb marra ka humbur jet\u00ebn.<\/p>\n<p>I riu nga Tirana \u00ebsht\u00eb v\u00ebn\u00eb n\u00eb prangat e policis\u00eb, nd\u00ebrkoh\u00eb q\u00eb hetimet se si ndodhi ky aksident po vazhdojn\u00eb.<\/p>\n<p>Materialet procedurale i kaluan Prokuroris\u00eb pran\u00eb Gjykat\u00ebs s\u00eb Shkall\u00ebs s\u00eb Par\u00eb t\u00eb Juridiksionit t\u00eb P\u00ebrgjithsh\u00ebm Elbasan, p\u00ebr veprime t\u00eb m\u00ebtejshme.<\/p>\n","protected":false},"excerpt":{"rendered":"<p>Nj\u00eb 28-vje\u00e7ar ka p\u00ebrplasur p\u00ebr vdekje me makin\u00eb k\u00ebmb\u00ebsorin 76-vje\u00e7ar n\u00eb aksin rrugorr \u201cC\u00ebrrik-Pap\u00ebr\u201d. Aksidenti ka ndodhur mbr\u00ebmjen e djeshme, ku 28-vje\u00e7ari A.B nga Tirana, duke udh\u00ebtuar me automjetin e tij tip \u201cAudi\u201d, p\u00ebrplasi k\u00ebmb\u00ebsorin 76-vje\u00e7ar A.L, ku si pasoj\u00eb e plag\u00ebve t\u00eb marra ka humbur jet\u00ebn. I riu nga Tirana \u00ebsht\u00eb v\u00ebn\u00eb n\u00eb prangat [&hellip;]<\/p>\n","protected":false},"author":5,"featured_media":73125,"comment_status":"closed","ping_status":"closed","sticky":false,"template":"","format":"standard","meta":{"footnotes":""},"categories":[1,6332,29228],"tags":[30926,30927],"class_list":{"0":"post-74431","1":"post","2":"type-post","3":"status-publish","4":"format-standard","5":"has-post-thumbnail","7":"category-aktualitet","8":"category-te-fundit","9":"category-vendi","10":"tag-audi-perplas-per-vdekje-76-vjecarin","11":"tag-arrestohet-shoferi-28-vjecar"},"_links":{"self":[{"href":"https:\/\/jugulajm.net\/index.php?rest_route=\/wp\/v2\/posts\/74431","targetHints":{"allow":["GET"]}}],"collection":[{"href":"https:\/\/jugulajm.net\/index.php?rest_route=\/wp\/v2\/posts"}],"about":[{"href":"https:\/\/jugulajm.net\/index.php?rest_route=\/wp\/v2\/types\/post"}],"author":[{"embeddable":true,"href":"https:\/\/jugulajm.net\/index.php?rest_route=\/wp\/v2\/users\/5"}],"replies":[{"embeddable":true,"href":"https:\/\/jugulajm.net\/index.php?rest_route=%2Fwp%2Fv2%2Fcomments&post=74431"}],"version-history":[{"count":0,"href":"https:\/\/jugulajm.net\/index.php?rest_route=\/wp\/v2\/posts\/74431\/revisions"}],"wp:featuredmedia":[{"embeddable":true,"href":"https:\/\/jugulajm.net\/index.php?rest_route=\/wp\/v2\/media\/73125"}],"wp:attachment":[{"href":"https:\/\/jugulajm.net\/index.php?rest_route=%2Fwp%2Fv2%2Fmedia&parent=74431"}],"wp:term":[{"taxonomy":"category","embeddable":true,"href":"https:\/\/jugulajm.net\/index.php?rest_route=%2Fwp%2Fv2%2Fcategories&post=74431"},{"taxonomy":"post_tag","embeddable":true,"href":"https:\/\/jugulajm.net\/index.php?rest_route=%2Fwp%2Fv2%2Ftags&post=74431"}],"curies":[{"name":"wp","href":"https:\/\/api.w.org\/{rel}","templated":true}]}}