{"id":74373,"date":"2024-05-07T12:50:08","date_gmt":"2024-05-07T10:50:08","guid":{"rendered":"https:\/\/jugulajm.net\/?p=74373"},"modified":"2024-05-07T12:50:08","modified_gmt":"2024-05-07T10:50:08","slug":"ngjarja-tragjike-flet-kusherira-e-alma-arrazit-nuk-e-kam-pare-kurre-te-shqetesuar-dhe","status":"publish","type":"post","link":"https:\/\/jugulajm.net\/?p=74373","title":{"rendered":"Ngjarja tragjike, flet kush\u00ebrira e Alma Arrazit: Nuk e kam par\u00eb kurr\u00eb t\u00eb shqet\u00ebsuar dhe&#8230;"},"content":{"rendered":"<div class=\"firstP\">\n<p>Gjat\u00eb m\u00ebngjesit t\u00eb sot\u00ebm nx\u00ebn\u00ebsit e shkoll\u00ebs \u201cNdre Mjeda\u201d ku m\u00ebsonin dy vajzat e 39 vje\u00e7artes q\u00eb hodh n\u00eb Bun\u00eb me tre f\u00ebmij\u00ebt e saj, kan\u00eb vendosur lule n\u00eb bankat e vog\u00eblusheve.<\/p>\n<\/div>\n<p>Mes prind\u00ebrve t\u00eb nx\u00ebn\u00ebsve t\u00eb cil\u00ebt u shpreh\u00ebn t\u00eb tronditur p\u00ebr ngjarjen, ishte edhe kush\u00ebrira e 39 vje\u00e7ares Alma Arrazi e cila tregoi se vajza e saj dhe t\u00eb ndjerat ishin n\u00eb t\u00eb nj\u00ebjt\u00ebn klas\u00eb.<\/p>\n<p>Nd\u00ebrsa zbuloi se nuk kishte v\u00ebn\u00eb re asgj\u00eb t\u00eb \u00e7uditshme nga Alma dhe se nuk e kishte par\u00eb kurr\u00eb t\u00eb stresuar as at\u00eb dhe as f\u00ebmij\u00ebt.<\/p>\n<p><em>\u201cKemi qen\u00eb shoqe, si tip kush\u00ebrirash bashk\u00eb, por \u00e7far\u00eb t\u00eb b\u00ebjm\u00eb, deri k\u00ebtu e paska pasur t\u00eb shkruar. Nuk e di \u00e7far\u00eb t\u00eb them \u00ebsht\u00eb nj\u00eb ngjarje shum\u00eb e r\u00ebnd\u00eb. Vajzat i kemi pasur n\u00eb nj\u00eb klas\u00eb, vajz\u00ebs time nuk ia kam shpjeguar dot, u kam th\u00ebn\u00eb q\u00eb nuk i ke m\u00eb shoqet n\u00eb klas\u00eb. Kemi shkuar shum\u00eb mir\u00eb, kam pasur shum\u00eb marr\u00ebdh\u00ebnie t\u00eb mira, nuk e kam par\u00eb kurr\u00eb t\u00eb shqet\u00ebsuar apo t\u00eb stresuar. F\u00ebmij\u00ebt po ashtu nuk kan\u00eb pasur stres, nuk i kam par\u00eb t\u00eb qajn\u00eb n\u00eb shkoll\u00eb, kan\u00eb qen\u00eb shum\u00eb mir\u00eb\u201d-<\/em>\u00a0u shpreh ajo.<\/p>\n","protected":false},"excerpt":{"rendered":"<p>Gjat\u00eb m\u00ebngjesit t\u00eb sot\u00ebm nx\u00ebn\u00ebsit e shkoll\u00ebs \u201cNdre Mjeda\u201d ku m\u00ebsonin dy vajzat e 39 vje\u00e7artes q\u00eb hodh n\u00eb Bun\u00eb me tre f\u00ebmij\u00ebt e saj, kan\u00eb vendosur lule n\u00eb bankat e vog\u00eblusheve. Mes prind\u00ebrve t\u00eb nx\u00ebn\u00ebsve t\u00eb cil\u00ebt u shpreh\u00ebn t\u00eb tronditur p\u00ebr ngjarjen, ishte edhe kush\u00ebrira e 39 vje\u00e7ares Alma Arrazi e cila tregoi [&hellip;]<\/p>\n","protected":false},"author":5,"featured_media":74374,"comment_status":"closed","ping_status":"closed","sticky":false,"template":"","format":"standard","meta":{"footnotes":""},"categories":[1,6332,29228],"tags":[30894,30893],"class_list":{"0":"post-74373","1":"post","2":"type-post","3":"status-publish","4":"format-standard","5":"has-post-thumbnail","7":"category-aktualitet","8":"category-te-fundit","9":"category-vendi","10":"tag-flet-kusherira-e-alma-arrazit-nuk-e-kam-pare-kurre-te-shqetesuar-dhe","11":"tag-ngjarja-tragjike"},"_links":{"self":[{"href":"https:\/\/jugulajm.net\/index.php?rest_route=\/wp\/v2\/posts\/74373","targetHints":{"allow":["GET"]}}],"collection":[{"href":"https:\/\/jugulajm.net\/index.php?rest_route=\/wp\/v2\/posts"}],"about":[{"href":"https:\/\/jugulajm.net\/index.php?rest_route=\/wp\/v2\/types\/post"}],"author":[{"embeddable":true,"href":"https:\/\/jugulajm.net\/index.php?rest_route=\/wp\/v2\/users\/5"}],"replies":[{"embeddable":true,"href":"https:\/\/jugulajm.net\/index.php?rest_route=%2Fwp%2Fv2%2Fcomments&post=74373"}],"version-history":[{"count":0,"href":"https:\/\/jugulajm.net\/index.php?rest_route=\/wp\/v2\/posts\/74373\/revisions"}],"wp:featuredmedia":[{"embeddable":true,"href":"https:\/\/jugulajm.net\/index.php?rest_route=\/wp\/v2\/media\/74374"}],"wp:attachment":[{"href":"https:\/\/jugulajm.net\/index.php?rest_route=%2Fwp%2Fv2%2Fmedia&parent=74373"}],"wp:term":[{"taxonomy":"category","embeddable":true,"href":"https:\/\/jugulajm.net\/index.php?rest_route=%2Fwp%2Fv2%2Fcategories&post=74373"},{"taxonomy":"post_tag","embeddable":true,"href":"https:\/\/jugulajm.net\/index.php?rest_route=%2Fwp%2Fv2%2Ftags&post=74373"}],"curies":[{"name":"wp","href":"https:\/\/api.w.org\/{rel}","templated":true}]}}