{"id":74371,"date":"2024-05-07T11:25:46","date_gmt":"2024-05-07T09:25:46","guid":{"rendered":"https:\/\/jugulajm.net\/?p=74371"},"modified":"2024-05-07T11:25:46","modified_gmt":"2024-05-07T09:25:46","slug":"tragjedia-gjendet-trupi-i-pajete-i-3-vjecarit","status":"publish","type":"post","link":"https:\/\/jugulajm.net\/?p=74371","title":{"rendered":"Tragjedia, gjendet trupi i pajet\u00eb i 3-vje\u00e7arit"},"content":{"rendered":"<p>Nj\u00eb ngjarje tragjike tronditi Shkodr\u00ebn ku Alma Arrazi bashk\u00eb me tre f\u00ebmij\u00ebt e saj jan\u00eb hedhur nga ura n\u00eb lumin Buna duke u vet\u00ebmbytur.<\/p>\n<p>Raportohet se dit\u00ebn e sotme \u00ebsht\u00eb b\u00ebr\u00eb i mundur gjetja e trupit t\u00eb pajet\u00eb edhe i f\u00ebmij\u00ebs s\u00eb tret\u00eb, djalit 3-vje\u00e7ar. B\u00ebhet e ditur se pas k\u00ebrkimeve intensive trupi i pajet\u00eb u gjet n\u00eb uj\u00ebrat e lumit Buna nga forcat speciale n\u00eb af\u00ebrsi t\u00eb fshatit Oblik\u00eb t\u00eb nj\u00ebsis\u00eb Ana e Malit.<\/p>\n<p>Kujtojm\u00eb se t\u00eb diel\u00ebn autoritetet mund\u00ebn t\u00eb gjejn\u00eb trupin e vajz\u00ebs 9-vje\u00e7are e cila u pikas n\u00eb uj\u00ebrat e lumit Buna nga nj\u00eb peshkatar i rastit. Trupi i saj i pajet\u00eb u p\u00ebrcoll k\u00ebt\u00eb t\u00eb h\u00ebn\u00eb p\u00ebr n\u00eb banes\u00ebn e fundit.<\/p>\n<p>Dit\u00ebn e djeshme polumbar\u00ebt kan\u00eb mundur q\u00eb t\u00eb gjejn\u00eb trupin e pajet\u00eb t\u00eb f\u00ebmij\u00ebs s\u00eb dyt\u00eb, vajz\u00ebs 8-vje\u00e7are.<\/p>\n<p>N\u00eb lidhje me ngjarjen \u00ebsht\u00eb v\u00ebn\u00eb n\u00eb pranga Erdgys Arrazi, i cili dyshohet se e shtyu drejt vet\u00ebvrasjes gruan dhe 3 f\u00ebmij\u00ebt e tij.<\/p>\n","protected":false},"excerpt":{"rendered":"<p>Nj\u00eb ngjarje tragjike tronditi Shkodr\u00ebn ku Alma Arrazi bashk\u00eb me tre f\u00ebmij\u00ebt e saj jan\u00eb hedhur nga ura n\u00eb lumin Buna duke u vet\u00ebmbytur. Raportohet se dit\u00ebn e sotme \u00ebsht\u00eb b\u00ebr\u00eb i mundur gjetja e trupit t\u00eb pajet\u00eb edhe i f\u00ebmij\u00ebs s\u00eb tret\u00eb, djalit 3-vje\u00e7ar. B\u00ebhet e ditur se pas k\u00ebrkimeve intensive trupi i pajet\u00eb [&hellip;]<\/p>\n","protected":false},"author":5,"featured_media":74306,"comment_status":"closed","ping_status":"closed","sticky":false,"template":"","format":"standard","meta":{"footnotes":""},"categories":[1,6332,29228],"tags":[30892,30891],"class_list":{"0":"post-74371","1":"post","2":"type-post","3":"status-publish","4":"format-standard","5":"has-post-thumbnail","7":"category-aktualitet","8":"category-te-fundit","9":"category-vendi","10":"tag-gjendet-trupi-i-pajete-i-3-vjecarit","11":"tag-tragjedia"},"_links":{"self":[{"href":"https:\/\/jugulajm.net\/index.php?rest_route=\/wp\/v2\/posts\/74371","targetHints":{"allow":["GET"]}}],"collection":[{"href":"https:\/\/jugulajm.net\/index.php?rest_route=\/wp\/v2\/posts"}],"about":[{"href":"https:\/\/jugulajm.net\/index.php?rest_route=\/wp\/v2\/types\/post"}],"author":[{"embeddable":true,"href":"https:\/\/jugulajm.net\/index.php?rest_route=\/wp\/v2\/users\/5"}],"replies":[{"embeddable":true,"href":"https:\/\/jugulajm.net\/index.php?rest_route=%2Fwp%2Fv2%2Fcomments&post=74371"}],"version-history":[{"count":0,"href":"https:\/\/jugulajm.net\/index.php?rest_route=\/wp\/v2\/posts\/74371\/revisions"}],"wp:featuredmedia":[{"embeddable":true,"href":"https:\/\/jugulajm.net\/index.php?rest_route=\/wp\/v2\/media\/74306"}],"wp:attachment":[{"href":"https:\/\/jugulajm.net\/index.php?rest_route=%2Fwp%2Fv2%2Fmedia&parent=74371"}],"wp:term":[{"taxonomy":"category","embeddable":true,"href":"https:\/\/jugulajm.net\/index.php?rest_route=%2Fwp%2Fv2%2Fcategories&post=74371"},{"taxonomy":"post_tag","embeddable":true,"href":"https:\/\/jugulajm.net\/index.php?rest_route=%2Fwp%2Fv2%2Ftags&post=74371"}],"curies":[{"name":"wp","href":"https:\/\/api.w.org\/{rel}","templated":true}]}}