{"id":74353,"date":"2024-05-06T17:43:22","date_gmt":"2024-05-06T15:43:22","guid":{"rendered":"https:\/\/jugulajm.net\/?p=74353"},"modified":"2024-05-06T17:43:22","modified_gmt":"2024-05-06T15:43:22","slug":"tragjedia-gjendet-trupi-i-femijes-tjeter-ne-lume","status":"publish","type":"post","link":"https:\/\/jugulajm.net\/?p=74353","title":{"rendered":"Tragjedia\/ Gjendet trupi i f\u00ebmij\u00ebs tjet\u00ebr n\u00eb lum\u00eb"},"content":{"rendered":"<div class=\"firstP\">\n<p>\u00cbsht\u00eb gjetur trupi i nj\u00ebrit prej f\u00ebmij\u00ebve t\u00eb familjes Arrazi, nd\u00ebrsa vazhdoj\u00eb k\u00ebrkimet p\u00ebr n\u00ebn\u00ebn dhe f\u00ebmij\u00ebn tjet\u00ebr.<\/p>\n<\/div>\n<p>Nj\u00eb nga vajzat, Erigea 9-vje\u00e7, u gjet dit\u00ebn e djeshme, ku dyshohet se t\u00eb kat\u00ebrt jan\u00eb vet\u00ebvrar\u00eb, pas dhun\u00ebs nga bashk\u00ebshorti i Alma Arrazit, Ergys Arrazi.<\/p>\n<p>Sipas burimeve, dyshohet se trupi i gjetur i p\u00ebrket vajz\u00ebs tjet\u00ebr, Gresit.<\/p>\n<p>Lajmin e konfirmoi ministri i Brendsh\u00ebm Taulant Balla, nga Shkodra, ku u takua me policin\u00eb e Shkodr\u00ebs dhe grupin e polumbar\u00ebve.<\/p>\n<p>P\u00ebr k\u00ebt\u00eb rast \u00ebsht\u00eb v\u00ebn\u00eb n\u00eb pranga Ergys Arrazi, i akuzuar si shkaktar p\u00ebr vet\u00ebvrasjen e tyre.<\/p>\n<p>Po ashtu forca t\u00eb shumta polumbar\u00ebsh, RENEA, FNSH, por edhe ushtria, po vijojn\u00eb k\u00ebrkimet n\u00eb uj\u00ebrat e Bun\u00ebs dhe Drinit.<\/p>\n","protected":false},"excerpt":{"rendered":"<p>\u00cbsht\u00eb gjetur trupi i nj\u00ebrit prej f\u00ebmij\u00ebve t\u00eb familjes Arrazi, nd\u00ebrsa vazhdoj\u00eb k\u00ebrkimet p\u00ebr n\u00ebn\u00ebn dhe f\u00ebmij\u00ebn tjet\u00ebr. Nj\u00eb nga vajzat, Erigea 9-vje\u00e7, u gjet dit\u00ebn e djeshme, ku dyshohet se t\u00eb kat\u00ebrt jan\u00eb vet\u00ebvrar\u00eb, pas dhun\u00ebs nga bashk\u00ebshorti i Alma Arrazit, Ergys Arrazi. Sipas burimeve, dyshohet se trupi i gjetur i p\u00ebrket vajz\u00ebs tjet\u00ebr, [&hellip;]<\/p>\n","protected":false},"author":5,"featured_media":74306,"comment_status":"closed","ping_status":"closed","sticky":false,"template":"","format":"standard","meta":{"footnotes":""},"categories":[1,6332,29228],"tags":[30880],"class_list":{"0":"post-74353","1":"post","2":"type-post","3":"status-publish","4":"format-standard","5":"has-post-thumbnail","7":"category-aktualitet","8":"category-te-fundit","9":"category-vendi","10":"tag-tragjedia-gjendet-trupi-i-femijes-tjeter-ne-lume"},"_links":{"self":[{"href":"https:\/\/jugulajm.net\/index.php?rest_route=\/wp\/v2\/posts\/74353","targetHints":{"allow":["GET"]}}],"collection":[{"href":"https:\/\/jugulajm.net\/index.php?rest_route=\/wp\/v2\/posts"}],"about":[{"href":"https:\/\/jugulajm.net\/index.php?rest_route=\/wp\/v2\/types\/post"}],"author":[{"embeddable":true,"href":"https:\/\/jugulajm.net\/index.php?rest_route=\/wp\/v2\/users\/5"}],"replies":[{"embeddable":true,"href":"https:\/\/jugulajm.net\/index.php?rest_route=%2Fwp%2Fv2%2Fcomments&post=74353"}],"version-history":[{"count":0,"href":"https:\/\/jugulajm.net\/index.php?rest_route=\/wp\/v2\/posts\/74353\/revisions"}],"wp:featuredmedia":[{"embeddable":true,"href":"https:\/\/jugulajm.net\/index.php?rest_route=\/wp\/v2\/media\/74306"}],"wp:attachment":[{"href":"https:\/\/jugulajm.net\/index.php?rest_route=%2Fwp%2Fv2%2Fmedia&parent=74353"}],"wp:term":[{"taxonomy":"category","embeddable":true,"href":"https:\/\/jugulajm.net\/index.php?rest_route=%2Fwp%2Fv2%2Fcategories&post=74353"},{"taxonomy":"post_tag","embeddable":true,"href":"https:\/\/jugulajm.net\/index.php?rest_route=%2Fwp%2Fv2%2Ftags&post=74353"}],"curies":[{"name":"wp","href":"https:\/\/api.w.org\/{rel}","templated":true}]}}