{"id":74300,"date":"2024-05-05T15:43:37","date_gmt":"2024-05-05T13:43:37","guid":{"rendered":"https:\/\/jugulajm.net\/?p=74300"},"modified":"2024-05-05T15:43:37","modified_gmt":"2024-05-05T13:43:37","slug":"emri-foto-dyshohet-se-shtyu-bashkeshorten-dhe-3-femijet-drejt-vetevrasjes-flet-bashkeshorti","status":"publish","type":"post","link":"https:\/\/jugulajm.net\/?p=74300","title":{"rendered":"EMRI-FOTO\/ Dyshohet se shtyu bashk\u00ebshorten dhe 3 f\u00ebmij\u00ebt drejt vet\u00ebvrasjes, flet bashk\u00ebshorti&#8230;"},"content":{"rendered":"<p>31-vje\u00e7ari Ergys Arrazi ka mohuar t\u00eb ket\u00eb dhunuar bashk\u00ebshorten dhe 3 f\u00ebmij\u00ebt, t\u00eb cil\u00ebt dyshohet se jan\u00eb vet\u00ebmbytur n\u00eb lumin Buna, teksa deri m\u00eb tani \u00ebsht\u00eb gjetur vet\u00ebm trupi i vajz\u00ebs 9 vje\u00e7e.<\/p>\n<p>N\u00eb deklarat\u00ebn e tij n\u00eb policin\u00eb vendore t\u00eb Shkodr\u00ebs, Arrazi i ka q\u00ebndruar deklarat\u00ebs s\u00eb tij t\u00eb b\u00ebr\u00eb tre dit\u00eb m\u00eb par\u00eb, kur ka doncuar humbjen e bashk\u00ebshortes dhe f\u00ebmij\u00ebve, f\u00ebmij\u00ebt pa patur iden\u00eb se ku ndodheshin.<\/p>\n<p>Arrazi \u00ebsht\u00eb shprehur se ka patur nj\u00eb marr\u00ebdh\u00ebnie normale me bashk\u00ebshorten dhe f\u00ebmij\u00ebt duke th\u00ebn\u00eb: \u201cNuk e kam iden\u00eb p\u00ebrse bashk\u00ebshortja ka nd\u00ebrmarr\u00eb k\u00ebt\u00eb veprim\u201d.<\/p>\n<p>B\u00ebhet me dije se n\u00eb momentin kur i \u00ebsht\u00eb komunikuar se nj\u00ebra prej vajzave \u00ebsht\u00eb gjetur e pajet\u00eb, ai ka q\u00ebndruar i ftoht\u00eb duke mos b\u00ebr\u00eb asnj\u00eb reagim.<\/p>\n<p>Arrazi nuk ka pranuar asnj\u00eb prej dy veprave penale q\u00eb r\u00ebndojn\u00eb mbi t\u00eb \u201cdhun\u00eb n\u00eb familje&#8221; dhe \u201cshkaktim i vet\u00ebvrasjes&#8221;, duke deklaruar se nuk \u00ebsht\u00eb ai shkaktari i k\u00ebsaj ngjarje t\u00eb r\u00ebnd\u00eb.<\/p>\n<p>Po ashtu dyshohet se motra e viktim\u00ebs me dat\u00ebn 2 maj \u00ebsht\u00eb takuar me Erdgys Arrazin dhe kan\u00eb zhvilluar nj\u00eb bised\u00eb e cila dyshohet se lidhet me problemet e fundit t\u00eb ndodhura n\u00eb familjen Arrazi.<\/p>\n<p>Motra e viktim\u00ebs ka deklaruar pas ngjarjes s\u00eb kunati i saj ka ushtruar dhun\u00eb n\u00eb familje psikologjike dhe fizike, gj\u00eb e cila sipas saj ka detyruar t\u00eb motr\u00ebn t\u00eb nd\u00ebrmarr\u00eb veprimin e r\u00ebnd\u00eb.<\/p>\n<p>Gjithashtu policia ka dyshime se prej pak koh\u00ebsh, Arrazi \u00ebsht\u00eb par\u00eb n\u00eb shoq\u00ebrin\u00eb e nj\u00eb vajze tjet\u00ebr gj\u00eb e cila dyshohet se ka shtuar konfliktet n\u00eb familje.<\/p>\n<p>Policia \u00ebsht\u00eb duke verifikuar \u00e7do d\u00ebshmi t\u00eb mundshme dhe informacione bashk\u00eb me prokurorin\u00eb p\u00ebr t\u00eb zbardhur t\u00eb plot\u00eb k\u00ebt\u00eb ngjarje t\u00eb r\u00ebnd\u00eb.<\/p>\n","protected":false},"excerpt":{"rendered":"<p>31-vje\u00e7ari Ergys Arrazi ka mohuar t\u00eb ket\u00eb dhunuar bashk\u00ebshorten dhe 3 f\u00ebmij\u00ebt, t\u00eb cil\u00ebt dyshohet se jan\u00eb vet\u00ebmbytur n\u00eb lumin Buna, teksa deri m\u00eb tani \u00ebsht\u00eb gjetur vet\u00ebm trupi i vajz\u00ebs 9 vje\u00e7e. N\u00eb deklarat\u00ebn e tij n\u00eb policin\u00eb vendore t\u00eb Shkodr\u00ebs, Arrazi i ka q\u00ebndruar deklarat\u00ebs s\u00eb tij t\u00eb b\u00ebr\u00eb tre dit\u00eb m\u00eb par\u00eb, [&hellip;]<\/p>\n","protected":false},"author":5,"featured_media":74301,"comment_status":"closed","ping_status":"closed","sticky":false,"template":"","format":"standard","meta":{"footnotes":""},"categories":[1,6332,29228],"tags":[30855,30856],"class_list":{"0":"post-74300","1":"post","2":"type-post","3":"status-publish","4":"format-standard","5":"has-post-thumbnail","7":"category-aktualitet","8":"category-te-fundit","9":"category-vendi","10":"tag-emri-foto-dyshohet-se-shtyu-bashkeshorten-dhe-3-femijet-drejt-vetevrasjes","11":"tag-flet-bashkeshorti"},"_links":{"self":[{"href":"https:\/\/jugulajm.net\/index.php?rest_route=\/wp\/v2\/posts\/74300","targetHints":{"allow":["GET"]}}],"collection":[{"href":"https:\/\/jugulajm.net\/index.php?rest_route=\/wp\/v2\/posts"}],"about":[{"href":"https:\/\/jugulajm.net\/index.php?rest_route=\/wp\/v2\/types\/post"}],"author":[{"embeddable":true,"href":"https:\/\/jugulajm.net\/index.php?rest_route=\/wp\/v2\/users\/5"}],"replies":[{"embeddable":true,"href":"https:\/\/jugulajm.net\/index.php?rest_route=%2Fwp%2Fv2%2Fcomments&post=74300"}],"version-history":[{"count":0,"href":"https:\/\/jugulajm.net\/index.php?rest_route=\/wp\/v2\/posts\/74300\/revisions"}],"wp:featuredmedia":[{"embeddable":true,"href":"https:\/\/jugulajm.net\/index.php?rest_route=\/wp\/v2\/media\/74301"}],"wp:attachment":[{"href":"https:\/\/jugulajm.net\/index.php?rest_route=%2Fwp%2Fv2%2Fmedia&parent=74300"}],"wp:term":[{"taxonomy":"category","embeddable":true,"href":"https:\/\/jugulajm.net\/index.php?rest_route=%2Fwp%2Fv2%2Fcategories&post=74300"},{"taxonomy":"post_tag","embeddable":true,"href":"https:\/\/jugulajm.net\/index.php?rest_route=%2Fwp%2Fv2%2Ftags&post=74300"}],"curies":[{"name":"wp","href":"https:\/\/api.w.org\/{rel}","templated":true}]}}